{"id":76284,"date":"2015-12-15T09:11:41","date_gmt":"2015-12-15T08:11:41","guid":{"rendered":"https:\/\/3d-edu.ch\/les-imprimantes-3d-dans-les-ecoles-professionnelles-conference-erfa-cad\/"},"modified":"2015-12-15T09:11:41","modified_gmt":"2015-12-15T08:11:41","slug":"les-imprimantes-3d-dans-les-ecoles-professionnelles-conference-erfa-cad","status":"publish","type":"post","link":"https:\/\/3d-edu.ch\/fr\/les-imprimantes-3d-dans-les-ecoles-professionnelles-conference-erfa-cad\/","title":{"rendered":"Les imprimantes 3D dans les \u00e9coles professionnelles - Conf\u00e9rence ERFA-CAD"},"content":{"rendered":"<p>Fin novembre, nous avons \u00e9t\u00e9 invit\u00e9s au <span style=\"text-decoration: underline;\"><a href=\"http:\/\/www.erfa-cad.ch\/\" target=\"_blank\">ERFA-CAD<\/a><\/span> \u00e0 Uster.<\/p>\n<p>L&rsquo;ERFA-CAD est une association d&rsquo;int\u00e9r\u00eats qui regroupe une trentaine d&rsquo;enseignants d&rsquo;\u00e9coles professionnelles techniques en Suisse al\u00e9manique. Le groupe ERFA se r\u00e9unit environ deux fois par an dans l&rsquo;\u00e9cole d&rsquo;un de ses membres pour un \u00e9change d&rsquo;exp\u00e9riences, auquel participe \u00e9galement Autodesk qui fournit des informations. Le groupe ERFA a \u00e9t\u00e9 fond\u00e9 en 1985 \u00e0 Grenchen pour le programme de CAO <span style=\"text-decoration: underline;\"><em><a href=\"http:\/\/shop.scheuss-partner.ch\/de\/search?q=AutoCad&amp;page=1\" target=\"_blank\">AutoCAD<\/a><\/em><\/span>. Entre-temps, les applications <span style=\"text-decoration: underline;\"><em><a href=\"https:\/\/dedune53.myhostpoint.ch\/kontakt-2\/\" target=\"_blank\">Autodesk Inventor<\/a><\/em><\/span> et <em>Solid-Works<\/em>.   <\/p>\n<p>En plus d&rsquo;un expos\u00e9 de Ph. Binkert sur \u00ab\u00a0la 3D aujourd&rsquo;hui et demain\u00a0\u00bb et \u00ab\u00a0la num\u00e9risation 3D avec Demo\u00a0\u00bb, K. B\u00fcchel a parl\u00e9 de son exp\u00e9rience avec les imprimantes 3D MakerBot dans l&rsquo;enseignement professionnel. Parmi les personnes pr\u00e9sentes, Mme B\u00fcchel de l&rsquo;\u00e9cole professionnelle d&rsquo;Uster &amp; R\u00fcti et un coll\u00e8gue de l&rsquo;\u00e9cole professionnelle de Coire utilisent d\u00e9j\u00e0 avec succ\u00e8s les imprimantes 3D MakerBot dans l&rsquo;enseignement : d&rsquo;une part, ils utilisent les machines dans la formation au logiciel de CAO, d&rsquo;autre part, ils utilisent les imprimantes 3D pour les travaux de projet des apprentis dans les m\u00e9tiers techniques comme les constructeurs ou les polym\u00e9caniciens. <\/p>\n<p><img loading=\"lazy\" decoding=\"async\" class=\"aligncenter size-full wp-image-5021\" src=\"https:\/\/dedune53.myhostpoint.ch\/wp-content\/uploads\/2015\/12\/3D-Drucker-EFRA-CAD.jpg\" alt=\"Imprimante 3D EFRA CAD\" width=\"700\" height=\"363\" srcset=\"https:\/\/3d-edu.ch\/wp-content\/smush-avif\/2015\/12\/3D-Drucker-EFRA-CAD.jpg.avif 700w, https:\/\/3d-edu.ch\/wp-content\/smush-avif\/2015\/12\/3D-Drucker-EFRA-CAD-380x197.jpg.avif 380w, https:\/\/3d-edu.ch\/wp-content\/smush-avif\/2015\/12\/3D-Drucker-EFRA-CAD-240x124.jpg.avif 240w\" sizes=\"auto, (max-width: 700px) 100vw, 700px\" \/><br \/>\n<small>Image : A. Schaub<\/small><\/p>\n<p>A la suite de ces deux expos\u00e9s, nous avons pr\u00e9sent\u00e9 notre entreprise \u00ab\u00a0<span style=\"text-decoration: underline;\"><a href=\"http:\/\/www.scheuss-partner.ch\/\" target=\"_blank\">Scheuss &amp; Partner AG<\/a><\/span>\u00a0\u00bb et nous avons pr\u00e9sent\u00e9, en tant que <a href=\"https:\/\/dedune53.myhostpoint.ch\/\">revendeur autoris\u00e9 de MakerBot<\/a>, les <span style=\"text-decoration: underline;\"><a href=\"https:\/\/dedune53.myhostpoint.ch\/produkte\/\">appareils<\/a><\/span> ainsi que les conditions exclusives <span style=\"text-decoration: underline;\"><a href=\"https:\/\/dedune53.myhostpoint.ch\/education\/3d-drucker-schulpakete\/\">conditions<\/a><\/span> &amp; <span style=\"text-decoration: underline;\"><a href=\"https:\/\/dedune53.myhostpoint.ch\/services\/\">services<\/a><\/span> les avantages que nous vous offrons. Les personnes pr\u00e9sentes ont \u00e9cout\u00e9 avec attention nos explications, ont pos\u00e9 des questions et ont examin\u00e9 les machines et les \u00e9chantillons d&rsquo;impression. <\/p>\n<p>Gr\u00e2ce aux r\u00e9actions positives des organisateurs et des participants et \u00e0 la demande de brochures, nous sommes convaincus d&rsquo;avoir contribu\u00e9 de mani\u00e8re significative \u00e0 la formation continue des enseignants. Nous sommes heureux de pouvoir continuer \u00e0 soutenir les \u00e9coles professionnelles de Suisse avec une technologie innovante, un service convaincant et les meilleures conditions. <\/p>\n","protected":false},"excerpt":{"rendered":"<p>Fin novembre, nous avons \u00e9t\u00e9 invit\u00e9s au ERFA-CAD \u00e0 Uster. L&rsquo;ERFA-CAD est une association d&rsquo;int\u00e9r\u00eats qui regroupe une trentaine d&rsquo;enseignants d&rsquo;\u00e9coles professionnelles techniques en Suisse al\u00e9manique. Le groupe ERFA se r\u00e9unit environ deux fois par an dans l&rsquo;\u00e9cole d&rsquo;un de ses membres pour un \u00e9change d&rsquo;exp\u00e9riences, auquel participe \u00e9galement Autodesk qui fournit des informations. Le [&#8230;]\n","protected":false},"author":1,"featured_media":55082,"comment_status":"closed","ping_status":"closed","sticky":false,"template":"","format":"standard","meta":{"footnotes":""},"categories":[7816,7813],"tags":[],"class_list":["post-76284","post","type-post","status-publish","format-standard","has-post-thumbnail","hentry","category-ecole-et-enseignement-fr","category-evenements-fr"],"yoast_head":"<!-- This site is optimized with the Yoast SEO Premium plugin v27.4 (Yoast SEO v27.4) - https:\/\/yoast.com\/product\/yoast-seo-premium-wordpress\/ -->\n<title>Les imprimantes 3D dans les \u00e9coles professionnelles - Conf\u00e9rence ERFA-CAD - 3D-EDU<\/title>\n<meta name=\"robots\" content=\"index, follow, max-snippet:-1, max-image-preview:large, max-video-preview:-1\" \/>\n<link rel=\"canonical\" href=\"https:\/\/3d-edu.ch\/fr\/les-imprimantes-3d-dans-les-ecoles-professionnelles-conference-erfa-cad\/\" \/>\n<meta property=\"og:locale\" content=\"fr_FR\" \/>\n<meta property=\"og:type\" content=\"article\" \/>\n<meta property=\"og:title\" content=\"Les imprimantes 3D dans les \u00e9coles professionnelles - Conf\u00e9rence ERFA-CAD\" \/>\n<meta property=\"og:description\" content=\"Fin novembre, nous avons \u00e9t\u00e9 invit\u00e9s au ERFA-CAD \u00e0 Uster. L&rsquo;ERFA-CAD est une association d&rsquo;int\u00e9r\u00eats qui regroupe une trentaine d&rsquo;enseignants d&rsquo;\u00e9coles professionnelles techniques en Suisse al\u00e9manique. Le groupe ERFA se r\u00e9unit environ deux fois par an dans l&rsquo;\u00e9cole d&rsquo;un de ses membres pour un \u00e9change d&rsquo;exp\u00e9riences, auquel participe \u00e9galement Autodesk qui fournit des informations. Le [...]\" \/>\n<meta property=\"og:url\" content=\"https:\/\/3d-edu.ch\/fr\/les-imprimantes-3d-dans-les-ecoles-professionnelles-conference-erfa-cad\/\" \/>\n<meta property=\"og:site_name\" content=\"3D-EDU GmbH\" \/>\n<meta property=\"article:publisher\" content=\"https:\/\/www.facebook.com\/3d-educh-210277586064960\/\" \/>\n<meta property=\"article:published_time\" content=\"2015-12-15T08:11:41+00:00\" \/>\n<meta property=\"og:image\" content=\"https:\/\/3d-edu.ch\/wp-content\/uploads\/2015\/12\/3D-Drucker-EFRA-CAD-2.jpg\" \/>\n\t<meta property=\"og:image:width\" content=\"700\" \/>\n\t<meta property=\"og:image:height\" content=\"312\" \/>\n\t<meta property=\"og:image:type\" content=\"image\/jpeg\" \/>\n<meta name=\"author\" content=\"gygaxc\" \/>\n<meta name=\"twitter:card\" content=\"summary_large_image\" \/>\n<meta name=\"twitter:creator\" content=\"@3d_edu_ch\" \/>\n<meta name=\"twitter:site\" content=\"@3d_edu_ch\" \/>\n<meta name=\"twitter:label1\" content=\"\u00c9crit par\" \/>\n\t<meta name=\"twitter:data1\" content=\"gygaxc\" \/>\n\t<meta name=\"twitter:label2\" content=\"Dur\u00e9e de lecture estim\u00e9e\" \/>\n\t<meta name=\"twitter:data2\" content=\"2 minute\" \/>\n<script type=\"application\/ld+json\" class=\"yoast-schema-graph\">{\"@context\":\"https:\\\/\\\/schema.org\",\"@graph\":[{\"@type\":\"Article\",\"@id\":\"https:\\\/\\\/3d-edu.ch\\\/fr\\\/les-imprimantes-3d-dans-les-ecoles-professionnelles-conference-erfa-cad\\\/#article\",\"isPartOf\":{\"@id\":\"https:\\\/\\\/3d-edu.ch\\\/fr\\\/les-imprimantes-3d-dans-les-ecoles-professionnelles-conference-erfa-cad\\\/\"},\"author\":{\"name\":\"gygaxc\",\"@id\":\"https:\\\/\\\/3d-edu.ch\\\/fr\\\/#\\\/schema\\\/person\\\/202618fd97564d5cc16f60ea829f84fb\"},\"headline\":\"Les imprimantes 3D dans les \u00e9coles professionnelles - Conf\u00e9rence ERFA-CAD\",\"datePublished\":\"2015-12-15T08:11:41+00:00\",\"mainEntityOfPage\":{\"@id\":\"https:\\\/\\\/3d-edu.ch\\\/fr\\\/les-imprimantes-3d-dans-les-ecoles-professionnelles-conference-erfa-cad\\\/\"},\"wordCount\":346,\"publisher\":{\"@id\":\"https:\\\/\\\/3d-edu.ch\\\/fr\\\/#organization\"},\"image\":{\"@id\":\"https:\\\/\\\/3d-edu.ch\\\/fr\\\/les-imprimantes-3d-dans-les-ecoles-professionnelles-conference-erfa-cad\\\/#primaryimage\"},\"thumbnailUrl\":\"https:\\\/\\\/3d-edu.ch\\\/wp-content\\\/uploads\\\/2015\\\/12\\\/3D-Drucker-EFRA-CAD-2.jpg\",\"articleSection\":[\"\u00c9cole et enseignement\",\"Ev\u00e9nements\"],\"inLanguage\":\"fr-FR\",\"copyrightYear\":\"2015\",\"copyrightHolder\":{\"@id\":\"https:\\\/\\\/3d-edu.ch\\\/#organization\"}},{\"@type\":\"WebPage\",\"@id\":\"https:\\\/\\\/3d-edu.ch\\\/fr\\\/les-imprimantes-3d-dans-les-ecoles-professionnelles-conference-erfa-cad\\\/\",\"url\":\"https:\\\/\\\/3d-edu.ch\\\/fr\\\/les-imprimantes-3d-dans-les-ecoles-professionnelles-conference-erfa-cad\\\/\",\"name\":\"Les imprimantes 3D dans les \u00e9coles professionnelles - Conf\u00e9rence ERFA-CAD - 3D-EDU\",\"isPartOf\":{\"@id\":\"https:\\\/\\\/3d-edu.ch\\\/fr\\\/#website\"},\"primaryImageOfPage\":{\"@id\":\"https:\\\/\\\/3d-edu.ch\\\/fr\\\/les-imprimantes-3d-dans-les-ecoles-professionnelles-conference-erfa-cad\\\/#primaryimage\"},\"image\":{\"@id\":\"https:\\\/\\\/3d-edu.ch\\\/fr\\\/les-imprimantes-3d-dans-les-ecoles-professionnelles-conference-erfa-cad\\\/#primaryimage\"},\"thumbnailUrl\":\"https:\\\/\\\/3d-edu.ch\\\/wp-content\\\/uploads\\\/2015\\\/12\\\/3D-Drucker-EFRA-CAD-2.jpg\",\"datePublished\":\"2015-12-15T08:11:41+00:00\",\"breadcrumb\":{\"@id\":\"https:\\\/\\\/3d-edu.ch\\\/fr\\\/les-imprimantes-3d-dans-les-ecoles-professionnelles-conference-erfa-cad\\\/#breadcrumb\"},\"inLanguage\":\"fr-FR\",\"potentialAction\":[{\"@type\":\"ReadAction\",\"target\":[\"https:\\\/\\\/3d-edu.ch\\\/fr\\\/les-imprimantes-3d-dans-les-ecoles-professionnelles-conference-erfa-cad\\\/\"]}]},{\"@type\":\"ImageObject\",\"inLanguage\":\"fr-FR\",\"@id\":\"https:\\\/\\\/3d-edu.ch\\\/fr\\\/les-imprimantes-3d-dans-les-ecoles-professionnelles-conference-erfa-cad\\\/#primaryimage\",\"url\":\"https:\\\/\\\/3d-edu.ch\\\/wp-content\\\/uploads\\\/2015\\\/12\\\/3D-Drucker-EFRA-CAD-2.jpg\",\"contentUrl\":\"https:\\\/\\\/3d-edu.ch\\\/wp-content\\\/uploads\\\/2015\\\/12\\\/3D-Drucker-EFRA-CAD-2.jpg\",\"width\":700,\"height\":312},{\"@type\":\"BreadcrumbList\",\"@id\":\"https:\\\/\\\/3d-edu.ch\\\/fr\\\/les-imprimantes-3d-dans-les-ecoles-professionnelles-conference-erfa-cad\\\/#breadcrumb\",\"itemListElement\":[{\"@type\":\"ListItem\",\"position\":1,\"name\":\"Accueil\",\"item\":\"https:\\\/\\\/3d-edu.ch\\\/fr\\\/\"},{\"@type\":\"ListItem\",\"position\":2,\"name\":\"Les imprimantes 3D dans les \u00e9coles professionnelles &#8211; Conf\u00e9rence ERFA-CAD\"}]},{\"@type\":\"WebSite\",\"@id\":\"https:\\\/\\\/3d-edu.ch\\\/fr\\\/#website\",\"url\":\"https:\\\/\\\/3d-edu.ch\\\/fr\\\/\",\"name\":\"3D-EDU GmbH\",\"description\":\"Your Formlabs, UltiMaker and Raise3D Printer Support and Education Site in Switzerland. \\\/\\\/ Ihre Formlabs, UltiMaker and Raise3D Drucker Support und Bildungs Webseite der Schweiz.\",\"publisher\":{\"@id\":\"https:\\\/\\\/3d-edu.ch\\\/fr\\\/#organization\"},\"potentialAction\":[{\"@type\":\"SearchAction\",\"target\":{\"@type\":\"EntryPoint\",\"urlTemplate\":\"https:\\\/\\\/3d-edu.ch\\\/fr\\\/?s={search_term_string}\"},\"query-input\":{\"@type\":\"PropertyValueSpecification\",\"valueRequired\":true,\"valueName\":\"search_term_string\"}}],\"inLanguage\":\"fr-FR\"},{\"@type\":[\"Organization\",\"Place\",\"ElectronicsStore\"],\"@id\":\"https:\\\/\\\/3d-edu.ch\\\/fr\\\/#organization\",\"name\":\"3D-EDU GmbH\",\"url\":\"https:\\\/\\\/3d-edu.ch\\\/fr\\\/\",\"logo\":{\"@id\":\"https:\\\/\\\/3d-edu.ch\\\/fr\\\/les-imprimantes-3d-dans-les-ecoles-professionnelles-conference-erfa-cad\\\/#local-main-organization-logo\"},\"image\":{\"@id\":\"https:\\\/\\\/3d-edu.ch\\\/fr\\\/les-imprimantes-3d-dans-les-ecoles-professionnelles-conference-erfa-cad\\\/#local-main-organization-logo\"},\"sameAs\":[\"https:\\\/\\\/www.facebook.com\\\/3d-educh-210277586064960\\\/\",\"https:\\\/\\\/x.com\\\/3d_edu_ch\"],\"address\":{\"@id\":\"https:\\\/\\\/3d-edu.ch\\\/fr\\\/les-imprimantes-3d-dans-les-ecoles-professionnelles-conference-erfa-cad\\\/#local-main-place-address\"},\"geo\":{\"@type\":\"GeoCoordinates\",\"latitude\":\"47.38413\",\"longitude\":\"8.49812\"},\"telephone\":[\"+41 44 492 11 22\"],\"openingHoursSpecification\":[{\"@type\":\"OpeningHoursSpecification\",\"dayOfWeek\":[\"Monday\",\"Tuesday\",\"Wednesday\",\"Thursday\",\"Friday\"],\"opens\":\"08:30\",\"closes\":\"18:00\"},{\"@type\":\"OpeningHoursSpecification\",\"dayOfWeek\":[\"Saturday\",\"Sunday\"],\"opens\":\"00:00\",\"closes\":\"00:00\"}],\"email\":\"info@3d-edu.ch\",\"faxNumber\":\"+41 44 492 11 23\",\"vatID\":\"CHE-184.499.491 MWST\",\"priceRange\":\"$$$\",\"currenciesAccepted\":\"CHF\"},{\"@type\":\"Person\",\"@id\":\"https:\\\/\\\/3d-edu.ch\\\/fr\\\/#\\\/schema\\\/person\\\/202618fd97564d5cc16f60ea829f84fb\",\"name\":\"gygaxc\"},{\"@type\":\"PostalAddress\",\"@id\":\"https:\\\/\\\/3d-edu.ch\\\/fr\\\/les-imprimantes-3d-dans-les-ecoles-professionnelles-conference-erfa-cad\\\/#local-main-place-address\",\"streetAddress\":\"3D-EDU GmbH, Badenerstrasse 556\",\"addressLocality\":\"Z\u00fcrich\",\"postalCode\":\"8048\",\"addressRegion\":\"Z\u00fcrich\",\"addressCountry\":\"CH\"},{\"@type\":\"ImageObject\",\"inLanguage\":\"fr-FR\",\"@id\":\"https:\\\/\\\/3d-edu.ch\\\/fr\\\/les-imprimantes-3d-dans-les-ecoles-professionnelles-conference-erfa-cad\\\/#local-main-organization-logo\",\"url\":\"https:\\\/\\\/3d-edu.ch\\\/wp-content\\\/uploads\\\/2018\\\/10\\\/3d-drucker-makerbot-formlabs-professionelle-3d-drucker-e1546527990490.png\",\"contentUrl\":\"https:\\\/\\\/3d-edu.ch\\\/wp-content\\\/uploads\\\/2018\\\/10\\\/3d-drucker-makerbot-formlabs-professionelle-3d-drucker-e1546527990490.png\",\"width\":275,\"height\":80,\"caption\":\"3D-EDU GmbH\"}]}<\/script>\n<meta name=\"geo.placename\" content=\"Z\u00fcrich\" \/>\n<meta name=\"geo.position\" content=\"47.38413;8.49812\" \/>\n<meta name=\"geo.region\" content=\"Suisse\" \/>\n<!-- \/ Yoast SEO Premium plugin. -->","yoast_head_json":{"title":"Les imprimantes 3D dans les \u00e9coles professionnelles - Conf\u00e9rence ERFA-CAD - 3D-EDU","robots":{"index":"index","follow":"follow","max-snippet":"max-snippet:-1","max-image-preview":"max-image-preview:large","max-video-preview":"max-video-preview:-1"},"canonical":"https:\/\/3d-edu.ch\/fr\/les-imprimantes-3d-dans-les-ecoles-professionnelles-conference-erfa-cad\/","og_locale":"fr_FR","og_type":"article","og_title":"Les imprimantes 3D dans les \u00e9coles professionnelles - Conf\u00e9rence ERFA-CAD","og_description":"Fin novembre, nous avons \u00e9t\u00e9 invit\u00e9s au ERFA-CAD \u00e0 Uster. L&rsquo;ERFA-CAD est une association d&rsquo;int\u00e9r\u00eats qui regroupe une trentaine d&rsquo;enseignants d&rsquo;\u00e9coles professionnelles techniques en Suisse al\u00e9manique. Le groupe ERFA se r\u00e9unit environ deux fois par an dans l&rsquo;\u00e9cole d&rsquo;un de ses membres pour un \u00e9change d&rsquo;exp\u00e9riences, auquel participe \u00e9galement Autodesk qui fournit des informations. Le [...]","og_url":"https:\/\/3d-edu.ch\/fr\/les-imprimantes-3d-dans-les-ecoles-professionnelles-conference-erfa-cad\/","og_site_name":"3D-EDU GmbH","article_publisher":"https:\/\/www.facebook.com\/3d-educh-210277586064960\/","article_published_time":"2015-12-15T08:11:41+00:00","og_image":[{"width":700,"height":312,"url":"https:\/\/3d-edu.ch\/wp-content\/uploads\/2015\/12\/3D-Drucker-EFRA-CAD-2.jpg","type":"image\/jpeg"}],"author":"gygaxc","twitter_card":"summary_large_image","twitter_creator":"@3d_edu_ch","twitter_site":"@3d_edu_ch","twitter_misc":{"\u00c9crit par":"gygaxc","Dur\u00e9e de lecture estim\u00e9e":"2 minute"},"schema":{"@context":"https:\/\/schema.org","@graph":[{"@type":"Article","@id":"https:\/\/3d-edu.ch\/fr\/les-imprimantes-3d-dans-les-ecoles-professionnelles-conference-erfa-cad\/#article","isPartOf":{"@id":"https:\/\/3d-edu.ch\/fr\/les-imprimantes-3d-dans-les-ecoles-professionnelles-conference-erfa-cad\/"},"author":{"name":"gygaxc","@id":"https:\/\/3d-edu.ch\/fr\/#\/schema\/person\/202618fd97564d5cc16f60ea829f84fb"},"headline":"Les imprimantes 3D dans les \u00e9coles professionnelles - Conf\u00e9rence ERFA-CAD","datePublished":"2015-12-15T08:11:41+00:00","mainEntityOfPage":{"@id":"https:\/\/3d-edu.ch\/fr\/les-imprimantes-3d-dans-les-ecoles-professionnelles-conference-erfa-cad\/"},"wordCount":346,"publisher":{"@id":"https:\/\/3d-edu.ch\/fr\/#organization"},"image":{"@id":"https:\/\/3d-edu.ch\/fr\/les-imprimantes-3d-dans-les-ecoles-professionnelles-conference-erfa-cad\/#primaryimage"},"thumbnailUrl":"https:\/\/3d-edu.ch\/wp-content\/uploads\/2015\/12\/3D-Drucker-EFRA-CAD-2.jpg","articleSection":["\u00c9cole et enseignement","Ev\u00e9nements"],"inLanguage":"fr-FR","copyrightYear":"2015","copyrightHolder":{"@id":"https:\/\/3d-edu.ch\/#organization"}},{"@type":"WebPage","@id":"https:\/\/3d-edu.ch\/fr\/les-imprimantes-3d-dans-les-ecoles-professionnelles-conference-erfa-cad\/","url":"https:\/\/3d-edu.ch\/fr\/les-imprimantes-3d-dans-les-ecoles-professionnelles-conference-erfa-cad\/","name":"Les imprimantes 3D dans les \u00e9coles professionnelles - Conf\u00e9rence ERFA-CAD - 3D-EDU","isPartOf":{"@id":"https:\/\/3d-edu.ch\/fr\/#website"},"primaryImageOfPage":{"@id":"https:\/\/3d-edu.ch\/fr\/les-imprimantes-3d-dans-les-ecoles-professionnelles-conference-erfa-cad\/#primaryimage"},"image":{"@id":"https:\/\/3d-edu.ch\/fr\/les-imprimantes-3d-dans-les-ecoles-professionnelles-conference-erfa-cad\/#primaryimage"},"thumbnailUrl":"https:\/\/3d-edu.ch\/wp-content\/uploads\/2015\/12\/3D-Drucker-EFRA-CAD-2.jpg","datePublished":"2015-12-15T08:11:41+00:00","breadcrumb":{"@id":"https:\/\/3d-edu.ch\/fr\/les-imprimantes-3d-dans-les-ecoles-professionnelles-conference-erfa-cad\/#breadcrumb"},"inLanguage":"fr-FR","potentialAction":[{"@type":"ReadAction","target":["https:\/\/3d-edu.ch\/fr\/les-imprimantes-3d-dans-les-ecoles-professionnelles-conference-erfa-cad\/"]}]},{"@type":"ImageObject","inLanguage":"fr-FR","@id":"https:\/\/3d-edu.ch\/fr\/les-imprimantes-3d-dans-les-ecoles-professionnelles-conference-erfa-cad\/#primaryimage","url":"https:\/\/3d-edu.ch\/wp-content\/uploads\/2015\/12\/3D-Drucker-EFRA-CAD-2.jpg","contentUrl":"https:\/\/3d-edu.ch\/wp-content\/uploads\/2015\/12\/3D-Drucker-EFRA-CAD-2.jpg","width":700,"height":312},{"@type":"BreadcrumbList","@id":"https:\/\/3d-edu.ch\/fr\/les-imprimantes-3d-dans-les-ecoles-professionnelles-conference-erfa-cad\/#breadcrumb","itemListElement":[{"@type":"ListItem","position":1,"name":"Accueil","item":"https:\/\/3d-edu.ch\/fr\/"},{"@type":"ListItem","position":2,"name":"Les imprimantes 3D dans les \u00e9coles professionnelles &#8211; Conf\u00e9rence ERFA-CAD"}]},{"@type":"WebSite","@id":"https:\/\/3d-edu.ch\/fr\/#website","url":"https:\/\/3d-edu.ch\/fr\/","name":"3D-EDU GmbH","description":"Your Formlabs, UltiMaker and Raise3D Printer Support and Education Site in Switzerland. \/\/ Ihre Formlabs, UltiMaker and Raise3D Drucker Support und Bildungs Webseite der Schweiz.","publisher":{"@id":"https:\/\/3d-edu.ch\/fr\/#organization"},"potentialAction":[{"@type":"SearchAction","target":{"@type":"EntryPoint","urlTemplate":"https:\/\/3d-edu.ch\/fr\/?s={search_term_string}"},"query-input":{"@type":"PropertyValueSpecification","valueRequired":true,"valueName":"search_term_string"}}],"inLanguage":"fr-FR"},{"@type":["Organization","Place","ElectronicsStore"],"@id":"https:\/\/3d-edu.ch\/fr\/#organization","name":"3D-EDU GmbH","url":"https:\/\/3d-edu.ch\/fr\/","logo":{"@id":"https:\/\/3d-edu.ch\/fr\/les-imprimantes-3d-dans-les-ecoles-professionnelles-conference-erfa-cad\/#local-main-organization-logo"},"image":{"@id":"https:\/\/3d-edu.ch\/fr\/les-imprimantes-3d-dans-les-ecoles-professionnelles-conference-erfa-cad\/#local-main-organization-logo"},"sameAs":["https:\/\/www.facebook.com\/3d-educh-210277586064960\/","https:\/\/x.com\/3d_edu_ch"],"address":{"@id":"https:\/\/3d-edu.ch\/fr\/les-imprimantes-3d-dans-les-ecoles-professionnelles-conference-erfa-cad\/#local-main-place-address"},"geo":{"@type":"GeoCoordinates","latitude":"47.38413","longitude":"8.49812"},"telephone":["+41 44 492 11 22"],"openingHoursSpecification":[{"@type":"OpeningHoursSpecification","dayOfWeek":["Monday","Tuesday","Wednesday","Thursday","Friday"],"opens":"08:30","closes":"18:00"},{"@type":"OpeningHoursSpecification","dayOfWeek":["Saturday","Sunday"],"opens":"00:00","closes":"00:00"}],"email":"info@3d-edu.ch","faxNumber":"+41 44 492 11 23","vatID":"CHE-184.499.491 MWST","priceRange":"$$$","currenciesAccepted":"CHF"},{"@type":"Person","@id":"https:\/\/3d-edu.ch\/fr\/#\/schema\/person\/202618fd97564d5cc16f60ea829f84fb","name":"gygaxc"},{"@type":"PostalAddress","@id":"https:\/\/3d-edu.ch\/fr\/les-imprimantes-3d-dans-les-ecoles-professionnelles-conference-erfa-cad\/#local-main-place-address","streetAddress":"3D-EDU GmbH, Badenerstrasse 556","addressLocality":"Z\u00fcrich","postalCode":"8048","addressRegion":"Z\u00fcrich","addressCountry":"CH"},{"@type":"ImageObject","inLanguage":"fr-FR","@id":"https:\/\/3d-edu.ch\/fr\/les-imprimantes-3d-dans-les-ecoles-professionnelles-conference-erfa-cad\/#local-main-organization-logo","url":"https:\/\/3d-edu.ch\/wp-content\/uploads\/2018\/10\/3d-drucker-makerbot-formlabs-professionelle-3d-drucker-e1546527990490.png","contentUrl":"https:\/\/3d-edu.ch\/wp-content\/uploads\/2018\/10\/3d-drucker-makerbot-formlabs-professionelle-3d-drucker-e1546527990490.png","width":275,"height":80,"caption":"3D-EDU GmbH"}]},"geo.placename":"Z\u00fcrich","geo.position":{"lat":"47.38413","long":"8.49812"},"geo.region":"Suisse"},"_links":{"self":[{"href":"https:\/\/3d-edu.ch\/fr\/wp-json\/wp\/v2\/posts\/76284","targetHints":{"allow":["GET"]}}],"collection":[{"href":"https:\/\/3d-edu.ch\/fr\/wp-json\/wp\/v2\/posts"}],"about":[{"href":"https:\/\/3d-edu.ch\/fr\/wp-json\/wp\/v2\/types\/post"}],"author":[{"embeddable":true,"href":"https:\/\/3d-edu.ch\/fr\/wp-json\/wp\/v2\/users\/1"}],"replies":[{"embeddable":true,"href":"https:\/\/3d-edu.ch\/fr\/wp-json\/wp\/v2\/comments?post=76284"}],"version-history":[{"count":0,"href":"https:\/\/3d-edu.ch\/fr\/wp-json\/wp\/v2\/posts\/76284\/revisions"}],"wp:featuredmedia":[{"embeddable":true,"href":"https:\/\/3d-edu.ch\/fr\/wp-json\/wp\/v2\/media\/55082"}],"wp:attachment":[{"href":"https:\/\/3d-edu.ch\/fr\/wp-json\/wp\/v2\/media?parent=76284"}],"wp:term":[{"taxonomy":"category","embeddable":true,"href":"https:\/\/3d-edu.ch\/fr\/wp-json\/wp\/v2\/categories?post=76284"},{"taxonomy":"post_tag","embeddable":true,"href":"https:\/\/3d-edu.ch\/fr\/wp-json\/wp\/v2\/tags?post=76284"}],"curies":[{"name":"wp","href":"https:\/\/api.w.org\/{rel}","templated":true}]}}