{"id":76075,"date":"2016-11-10T15:31:10","date_gmt":"2016-11-10T14:31:10","guid":{"rendered":"https:\/\/3d-edu.ch\/limpression-3d-pour-une-etudiante-lors-de-la-journee-nationale-futur-en-tous-genres\/"},"modified":"2026-01-27T16:09:26","modified_gmt":"2026-01-27T15:09:26","slug":"limpression-3d-pour-une-etudiante-lors-de-la-journee-nationale-futur-en-tous-genres","status":"publish","type":"post","link":"https:\/\/3d-edu.ch\/fr\/limpression-3d-pour-une-etudiante-lors-de-la-journee-nationale-futur-en-tous-genres\/","title":{"rendered":"L&rsquo;impression 3D pour une \u00e9tudiante lors de la journ\u00e9e nationale Futur en tous genres"},"content":{"rendered":"\n<h2>Ma visite chez Scheuss &#038; Partner AG<\/h2>\n<p>Le 10.11.16, j&rsquo;ai pu (Lisa H.) rendre une visite particuli\u00e8rement passionnante \u00e0 la soci\u00e9t\u00e9 <a href=\"http:\/\/www.scheuss-partner.ch\/\">Scheuss &#038; Partner<\/a>. J&rsquo;ai d\u00e9couvert cette entreprise gr\u00e2ce \u00e0 mon parrain (D. Villiger). J&rsquo;ai eu l&rsquo;occasion d&rsquo;y passer une demi-journ\u00e9e \u00e0 l&rsquo;occasion de la journ\u00e9e nationale Futur en tous genres. Cette journ\u00e9e a lieu une fois par an. C&rsquo;est presque la m\u00eame chose que la d\u00e9couverte d&rsquo;un m\u00e9tier, sauf qu&rsquo;il faut visiter le m\u00e9tier d&rsquo;un membre de la famille.    <\/p>\n<h2>Les informaticiens, le cloud et la vente<\/h2>\n<p>Le matin, j&rsquo;ai fait une visite guid\u00e9e du magasin. J&rsquo;ai d&rsquo;abord vu les informaticiens, qui installent par exemple des ordinateurs ou l&rsquo;Internet. Plus tard, M. S. Sitil m&rsquo;a montr\u00e9 le <a href=\"http:\/\/www.publicloud.ch\/\" target=\"_blank\" rel=\"noopener noreferrer\">\u00ab\u00a0Publicloud\u00a0\u00bb<\/a>. C&rsquo;\u00e9tait tr\u00e8s impressionnant de voir toutes les possibilit\u00e9s d&rsquo;utiliser l&rsquo;informatique dans un centre de donn\u00e9es (cloud). Par exemple, si vous n&rsquo;avez pas votre propre informatique, vous pouvez louer un espace de stockage ou une solution \u00ab\u00a0cloud\u00a0\u00bb aupr\u00e8s de cette entreprise.    <\/p>\n<p>J&rsquo;ai \u00e9galement pu voir comment on cr\u00e9e des commandes pour les clients ou comment on envoie des factures.<\/p>\n<h2>Impression 3D pour les \u00e9tudiants<\/h2>\n<p>A la fin, j&rsquo;ai pu apprendre quelque chose sur l&rsquo;imprimante 3D de C. Gygax. J&rsquo;ai m\u00eame pu cr\u00e9er ma propre petite figurine sur l&rsquo;ordinateur. Une vid\u00e9o d&rsquo;instructions de <a href=\"https:\/\/dedune53.myhostpoint.ch\/\">3d-edu.ch<\/a> m&rsquo;a aid\u00e9 \u00e0 le faire. Il s&rsquo;agissait finalement d&rsquo;un petit bloc de construction - comparable \u00e0 un LEGO. J&rsquo;ai m\u00eame pu l&rsquo;imprimer !!! La machine a mis environ 1 heure et 20 minutes \u00e0 fabriquer la brique.    <\/p>\n<p>Le temps est pass\u00e9 tr\u00e8s vite et il \u00e9tait bient\u00f4t temps de partir. Ce fut une journ\u00e9e tr\u00e8s passionnante et instructive pour moi.<br \/>Merci pour tout ! <\/p>\n<p><small>Lisa H.<\/small><\/p>\n<div class=\"slider-wrapper relative\" id=\"slider-81570743\" >\n    <div class=\"slider slider-nav-circle slider-nav-large slider-nav-light slider-style-normal\"\n        data-flickity-options='{\n            \"cellAlign\": \"center\",\n            \"imagesLoaded\": true,\n            \"lazyLoad\": 1,\n            \"freeScroll\": false,\n            \"wrapAround\": true,\n            \"autoPlay\": 6000,\n            \"pauseAutoPlayOnHover\" : true,\n            \"prevNextButtons\": true,\n            \"contain\" : true,\n            \"adaptiveHeight\" : true,\n            \"dragThreshold\" : 10,\n            \"percentPosition\": true,\n            \"pageDots\": true,\n            \"rightToLeft\": false,\n            \"draggable\": true,\n            \"selectedAttraction\": 0.1,\n            \"parallax\" : 0,\n            \"friction\": 0.6        }'\n        >\n        \n\n\t<div class=\"img has-hover x md-x lg-x y md-y lg-y\" id=\"image_1806625001\">\n\t\t\t\t\t\t\t\t<div class=\"img-inner dark\" >\n\t\t\t<img loading=\"lazy\" decoding=\"async\" width=\"720\" height=\"380\" src=\"https:\/\/3d-edu.ch\/wp-content\/smush-avif\/2016\/11\/CAD-in-der-Bildung.jpg.avif\" class=\"attachment-large size-large\" alt=\"cad dans l&#039;\u00e9ducation\" srcset=\"https:\/\/3d-edu.ch\/wp-content\/smush-avif\/2016\/11\/CAD-in-der-Bildung.jpg.avif 720w, https:\/\/3d-edu.ch\/wp-content\/smush-avif\/2016\/11\/CAD-in-der-Bildung-380x201.jpg.avif 380w, https:\/\/3d-edu.ch\/wp-content\/smush-avif\/2016\/11\/CAD-in-der-Bildung-240x127.jpg.avif 240w\" sizes=\"auto, (max-width: 720px) 100vw, 720px\" \/>\t\t\t\t\t\t\n\t\t\t\t\t<\/div>\n\t\t\t\t\t\t\t\t\n<style>\n#image_1806625001 {\n  width: 100%;\n}\n<\/style>\n\t<\/div>\n\t\n\n\t<div class=\"img has-hover x md-x lg-x y md-y lg-y\" id=\"image_499716888\">\n\t\t\t\t\t\t\t\t<div class=\"img-inner dark\" >\n\t\t\t<img loading=\"lazy\" decoding=\"async\" width=\"720\" height=\"380\" src=\"https:\/\/3d-edu.ch\/wp-content\/smush-avif\/2016\/11\/CAD-in-der-Schule.jpg.avif\" class=\"attachment-large size-large\" alt=\"cad \u00e0 l&#039;\u00e9cole\" srcset=\"https:\/\/3d-edu.ch\/wp-content\/smush-avif\/2016\/11\/CAD-in-der-Schule.jpg.avif 720w, https:\/\/3d-edu.ch\/wp-content\/smush-avif\/2016\/11\/CAD-in-der-Schule-380x201.jpg.avif 380w, https:\/\/3d-edu.ch\/wp-content\/smush-avif\/2016\/11\/CAD-in-der-Schule-240x127.jpg.avif 240w\" sizes=\"auto, (max-width: 720px) 100vw, 720px\" \/>\t\t\t\t\t\t\n\t\t\t\t\t<\/div>\n\t\t\t\t\t\t\t\t\n<style>\n#image_499716888 {\n  width: 100%;\n}\n<\/style>\n\t<\/div>\n\t\n\n\t<div class=\"img has-hover x md-x lg-x y md-y lg-y\" id=\"image_367219197\">\n\t\t\t\t\t\t\t\t<div class=\"img-inner dark\" >\n\t\t\t<img loading=\"lazy\" decoding=\"async\" width=\"720\" height=\"380\" src=\"https:\/\/3d-edu.ch\/wp-content\/smush-avif\/2016\/11\/3D-Drucker-in-der-Schule.jpg.avif\" class=\"attachment-large size-large\" alt=\"imprimante 3d \u00e0 l&#039;\u00e9cole\" srcset=\"https:\/\/3d-edu.ch\/wp-content\/smush-avif\/2016\/11\/3D-Drucker-in-der-Schule.jpg.avif 720w, https:\/\/3d-edu.ch\/wp-content\/smush-avif\/2016\/11\/3D-Drucker-in-der-Schule-380x201.jpg.avif 380w, https:\/\/3d-edu.ch\/wp-content\/smush-avif\/2016\/11\/3D-Drucker-in-der-Schule-240x127.jpg.avif 240w\" sizes=\"auto, (max-width: 720px) 100vw, 720px\" \/>\t\t\t\t\t\t\n\t\t\t\t\t<\/div>\n\t\t\t\t\t\t\t\t\n<style>\n#image_367219197 {\n  width: 100%;\n}\n<\/style>\n\t<\/div>\n\t\n\n\t<div class=\"img has-hover x md-x lg-x y md-y lg-y\" id=\"image_1803048402\">\n\t\t\t\t\t\t\t\t<div class=\"img-inner dark\" >\n\t\t\t<img loading=\"lazy\" decoding=\"async\" width=\"720\" height=\"380\" src=\"https:\/\/3d-edu.ch\/wp-content\/smush-avif\/2016\/11\/3D-Drucker-in-der-Bildung.jpg.avif\" class=\"attachment-large size-large\" alt=\"imprimantes 3d dans l&#039;\u00e9ducation\" srcset=\"https:\/\/3d-edu.ch\/wp-content\/smush-avif\/2016\/11\/3D-Drucker-in-der-Bildung.jpg.avif 720w, https:\/\/3d-edu.ch\/wp-content\/smush-avif\/2016\/11\/3D-Drucker-in-der-Bildung-380x201.jpg.avif 380w, https:\/\/3d-edu.ch\/wp-content\/smush-avif\/2016\/11\/3D-Drucker-in-der-Bildung-240x127.jpg.avif 240w\" sizes=\"auto, (max-width: 720px) 100vw, 720px\" \/>\t\t\t\t\t\t\n\t\t\t\t\t<\/div>\n\t\t\t\t\t\t\t\t\n<style>\n#image_1803048402 {\n  width: 100%;\n}\n<\/style>\n\t<\/div>\n\t\n\n\n     <\/div>\n\n     <div class=\"loading-spin dark large centered\"><\/div>\n\n\t<\/div>\n\n\n\n","protected":false},"excerpt":{"rendered":"<p>Ma visite chez Scheuss &#038; Partner AG Le 10.11.16, j&rsquo;ai pu (Lisa H.) rendre une visite particuli\u00e8rement passionnante \u00e0 la soci\u00e9t\u00e9 Scheuss &#038; Partner. J&rsquo;ai d\u00e9couvert cette entreprise gr\u00e2ce \u00e0 mon parrain (D. Villiger). J&rsquo;ai eu l&rsquo;occasion d&rsquo;y passer une demi-journ\u00e9e \u00e0 l&rsquo;occasion de la journ\u00e9e nationale Futur en tous genres. Cette journ\u00e9e a lieu [&#8230;]\n","protected":false},"author":1,"featured_media":56292,"comment_status":"closed","ping_status":"closed","sticky":false,"template":"","format":"standard","meta":{"footnotes":""},"categories":[],"tags":[],"class_list":["post-76075","post","type-post","status-publish","format-standard","has-post-thumbnail","hentry"],"yoast_head":"<!-- This site is optimized with the Yoast SEO Premium plugin v27.4 (Yoast SEO v27.4) - https:\/\/yoast.com\/product\/yoast-seo-premium-wordpress\/ -->\n<title>L&#039;impression 3D pour une \u00e9tudiante lors de la journ\u00e9e nationale Futur en tous genres - 3D-EDU<\/title>\n<meta name=\"robots\" content=\"index, follow, max-snippet:-1, max-image-preview:large, max-video-preview:-1\" \/>\n<link rel=\"canonical\" href=\"https:\/\/3d-edu.ch\/fr\/limpression-3d-pour-une-etudiante-lors-de-la-journee-nationale-futur-en-tous-genres\/\" \/>\n<meta property=\"og:locale\" content=\"fr_FR\" \/>\n<meta property=\"og:type\" content=\"article\" \/>\n<meta property=\"og:title\" content=\"L&#039;impression 3D pour une \u00e9tudiante lors de la journ\u00e9e nationale Futur en tous genres\" \/>\n<meta property=\"og:description\" content=\"Ma visite chez Scheuss &#038; Partner AG Le 10.11.16, j&rsquo;ai pu (Lisa H.) rendre une visite particuli\u00e8rement passionnante \u00e0 la soci\u00e9t\u00e9 Scheuss &#038; Partner. J&rsquo;ai d\u00e9couvert cette entreprise gr\u00e2ce \u00e0 mon parrain (D. Villiger). J&rsquo;ai eu l&rsquo;occasion d&rsquo;y passer une demi-journ\u00e9e \u00e0 l&rsquo;occasion de la journ\u00e9e nationale Futur en tous genres. Cette journ\u00e9e a lieu [...]\" \/>\n<meta property=\"og:url\" content=\"https:\/\/3d-edu.ch\/fr\/limpression-3d-pour-une-etudiante-lors-de-la-journee-nationale-futur-en-tous-genres\/\" \/>\n<meta property=\"og:site_name\" content=\"3D-EDU GmbH\" \/>\n<meta property=\"article:publisher\" content=\"https:\/\/www.facebook.com\/3d-educh-210277586064960\/\" \/>\n<meta property=\"article:published_time\" content=\"2016-11-10T14:31:10+00:00\" \/>\n<meta property=\"article:modified_time\" content=\"2026-01-27T15:09:26+00:00\" \/>\n<meta property=\"og:image\" content=\"https:\/\/3d-edu.ch\/wp-content\/uploads\/2016\/11\/3D-Drucker-in-der-Schule.jpg\" \/>\n\t<meta property=\"og:image:width\" content=\"720\" \/>\n\t<meta property=\"og:image:height\" content=\"380\" \/>\n\t<meta property=\"og:image:type\" content=\"image\/jpeg\" \/>\n<meta name=\"author\" content=\"gygaxc\" \/>\n<meta name=\"twitter:card\" content=\"summary_large_image\" \/>\n<meta name=\"twitter:creator\" content=\"@3d_edu_ch\" \/>\n<meta name=\"twitter:site\" content=\"@3d_edu_ch\" \/>\n<meta name=\"twitter:label1\" content=\"\u00c9crit par\" \/>\n\t<meta name=\"twitter:data1\" content=\"gygaxc\" \/>\n\t<meta name=\"twitter:label2\" content=\"Dur\u00e9e de lecture estim\u00e9e\" \/>\n\t<meta name=\"twitter:data2\" content=\"2 minute\" \/>\n<script type=\"application\/ld+json\" class=\"yoast-schema-graph\">{\"@context\":\"https:\\\/\\\/schema.org\",\"@graph\":[{\"@type\":\"Article\",\"@id\":\"https:\\\/\\\/3d-edu.ch\\\/fr\\\/limpression-3d-pour-une-etudiante-lors-de-la-journee-nationale-futur-en-tous-genres\\\/#article\",\"isPartOf\":{\"@id\":\"https:\\\/\\\/3d-edu.ch\\\/fr\\\/limpression-3d-pour-une-etudiante-lors-de-la-journee-nationale-futur-en-tous-genres\\\/\"},\"author\":{\"name\":\"gygaxc\",\"@id\":\"https:\\\/\\\/3d-edu.ch\\\/fr\\\/#\\\/schema\\\/person\\\/202618fd97564d5cc16f60ea829f84fb\"},\"headline\":\"L&rsquo;impression 3D pour une \u00e9tudiante lors de la journ\u00e9e nationale Futur en tous genres\",\"datePublished\":\"2016-11-10T14:31:10+00:00\",\"dateModified\":\"2026-01-27T15:09:26+00:00\",\"mainEntityOfPage\":{\"@id\":\"https:\\\/\\\/3d-edu.ch\\\/fr\\\/limpression-3d-pour-une-etudiante-lors-de-la-journee-nationale-futur-en-tous-genres\\\/\"},\"wordCount\":351,\"publisher\":{\"@id\":\"https:\\\/\\\/3d-edu.ch\\\/fr\\\/#organization\"},\"image\":{\"@id\":\"https:\\\/\\\/3d-edu.ch\\\/fr\\\/limpression-3d-pour-une-etudiante-lors-de-la-journee-nationale-futur-en-tous-genres\\\/#primaryimage\"},\"thumbnailUrl\":\"https:\\\/\\\/3d-edu.ch\\\/wp-content\\\/uploads\\\/2016\\\/11\\\/3D-Drucker-in-der-Schule.jpg\",\"inLanguage\":\"fr-FR\",\"copyrightYear\":\"2016\",\"copyrightHolder\":{\"@id\":\"https:\\\/\\\/3d-edu.ch\\\/#organization\"}},{\"@type\":\"WebPage\",\"@id\":\"https:\\\/\\\/3d-edu.ch\\\/fr\\\/limpression-3d-pour-une-etudiante-lors-de-la-journee-nationale-futur-en-tous-genres\\\/\",\"url\":\"https:\\\/\\\/3d-edu.ch\\\/fr\\\/limpression-3d-pour-une-etudiante-lors-de-la-journee-nationale-futur-en-tous-genres\\\/\",\"name\":\"L'impression 3D pour une \u00e9tudiante lors de la journ\u00e9e nationale Futur en tous genres - 3D-EDU\",\"isPartOf\":{\"@id\":\"https:\\\/\\\/3d-edu.ch\\\/fr\\\/#website\"},\"primaryImageOfPage\":{\"@id\":\"https:\\\/\\\/3d-edu.ch\\\/fr\\\/limpression-3d-pour-une-etudiante-lors-de-la-journee-nationale-futur-en-tous-genres\\\/#primaryimage\"},\"image\":{\"@id\":\"https:\\\/\\\/3d-edu.ch\\\/fr\\\/limpression-3d-pour-une-etudiante-lors-de-la-journee-nationale-futur-en-tous-genres\\\/#primaryimage\"},\"thumbnailUrl\":\"https:\\\/\\\/3d-edu.ch\\\/wp-content\\\/uploads\\\/2016\\\/11\\\/3D-Drucker-in-der-Schule.jpg\",\"datePublished\":\"2016-11-10T14:31:10+00:00\",\"dateModified\":\"2026-01-27T15:09:26+00:00\",\"breadcrumb\":{\"@id\":\"https:\\\/\\\/3d-edu.ch\\\/fr\\\/limpression-3d-pour-une-etudiante-lors-de-la-journee-nationale-futur-en-tous-genres\\\/#breadcrumb\"},\"inLanguage\":\"fr-FR\",\"potentialAction\":[{\"@type\":\"ReadAction\",\"target\":[\"https:\\\/\\\/3d-edu.ch\\\/fr\\\/limpression-3d-pour-une-etudiante-lors-de-la-journee-nationale-futur-en-tous-genres\\\/\"]}]},{\"@type\":\"ImageObject\",\"inLanguage\":\"fr-FR\",\"@id\":\"https:\\\/\\\/3d-edu.ch\\\/fr\\\/limpression-3d-pour-une-etudiante-lors-de-la-journee-nationale-futur-en-tous-genres\\\/#primaryimage\",\"url\":\"https:\\\/\\\/3d-edu.ch\\\/wp-content\\\/uploads\\\/2016\\\/11\\\/3D-Drucker-in-der-Schule.jpg\",\"contentUrl\":\"https:\\\/\\\/3d-edu.ch\\\/wp-content\\\/uploads\\\/2016\\\/11\\\/3D-Drucker-in-der-Schule.jpg\",\"width\":720,\"height\":380,\"caption\":\"imprimante 3d \u00e0 l'\u00e9cole\"},{\"@type\":\"BreadcrumbList\",\"@id\":\"https:\\\/\\\/3d-edu.ch\\\/fr\\\/limpression-3d-pour-une-etudiante-lors-de-la-journee-nationale-futur-en-tous-genres\\\/#breadcrumb\",\"itemListElement\":[{\"@type\":\"ListItem\",\"position\":1,\"name\":\"Accueil\",\"item\":\"https:\\\/\\\/3d-edu.ch\\\/fr\\\/\"},{\"@type\":\"ListItem\",\"position\":2,\"name\":\"L&rsquo;impression 3D pour une \u00e9tudiante lors de la journ\u00e9e nationale Futur en tous genres\"}]},{\"@type\":\"WebSite\",\"@id\":\"https:\\\/\\\/3d-edu.ch\\\/fr\\\/#website\",\"url\":\"https:\\\/\\\/3d-edu.ch\\\/fr\\\/\",\"name\":\"3D-EDU GmbH\",\"description\":\"Your Formlabs, UltiMaker and Raise3D Printer Support and Education Site in Switzerland. \\\/\\\/ Ihre Formlabs, UltiMaker and Raise3D Drucker Support und Bildungs Webseite der Schweiz.\",\"publisher\":{\"@id\":\"https:\\\/\\\/3d-edu.ch\\\/fr\\\/#organization\"},\"potentialAction\":[{\"@type\":\"SearchAction\",\"target\":{\"@type\":\"EntryPoint\",\"urlTemplate\":\"https:\\\/\\\/3d-edu.ch\\\/fr\\\/?s={search_term_string}\"},\"query-input\":{\"@type\":\"PropertyValueSpecification\",\"valueRequired\":true,\"valueName\":\"search_term_string\"}}],\"inLanguage\":\"fr-FR\"},{\"@type\":[\"Organization\",\"Place\",\"ElectronicsStore\"],\"@id\":\"https:\\\/\\\/3d-edu.ch\\\/fr\\\/#organization\",\"name\":\"3D-EDU GmbH\",\"url\":\"https:\\\/\\\/3d-edu.ch\\\/fr\\\/\",\"logo\":{\"@id\":\"https:\\\/\\\/3d-edu.ch\\\/fr\\\/limpression-3d-pour-une-etudiante-lors-de-la-journee-nationale-futur-en-tous-genres\\\/#local-main-organization-logo\"},\"image\":{\"@id\":\"https:\\\/\\\/3d-edu.ch\\\/fr\\\/limpression-3d-pour-une-etudiante-lors-de-la-journee-nationale-futur-en-tous-genres\\\/#local-main-organization-logo\"},\"sameAs\":[\"https:\\\/\\\/www.facebook.com\\\/3d-educh-210277586064960\\\/\",\"https:\\\/\\\/x.com\\\/3d_edu_ch\"],\"address\":{\"@id\":\"https:\\\/\\\/3d-edu.ch\\\/fr\\\/limpression-3d-pour-une-etudiante-lors-de-la-journee-nationale-futur-en-tous-genres\\\/#local-main-place-address\"},\"geo\":{\"@type\":\"GeoCoordinates\",\"latitude\":\"47.38413\",\"longitude\":\"8.49812\"},\"telephone\":[\"+41 44 492 11 22\"],\"openingHoursSpecification\":[{\"@type\":\"OpeningHoursSpecification\",\"dayOfWeek\":[\"Monday\",\"Tuesday\",\"Wednesday\",\"Thursday\",\"Friday\"],\"opens\":\"08:30\",\"closes\":\"18:00\"},{\"@type\":\"OpeningHoursSpecification\",\"dayOfWeek\":[\"Saturday\",\"Sunday\"],\"opens\":\"00:00\",\"closes\":\"00:00\"}],\"email\":\"info@3d-edu.ch\",\"faxNumber\":\"+41 44 492 11 23\",\"vatID\":\"CHE-184.499.491 MWST\",\"priceRange\":\"$$$\",\"currenciesAccepted\":\"CHF\"},{\"@type\":\"Person\",\"@id\":\"https:\\\/\\\/3d-edu.ch\\\/fr\\\/#\\\/schema\\\/person\\\/202618fd97564d5cc16f60ea829f84fb\",\"name\":\"gygaxc\"},{\"@type\":\"PostalAddress\",\"@id\":\"https:\\\/\\\/3d-edu.ch\\\/fr\\\/limpression-3d-pour-une-etudiante-lors-de-la-journee-nationale-futur-en-tous-genres\\\/#local-main-place-address\",\"streetAddress\":\"3D-EDU GmbH, Badenerstrasse 556\",\"addressLocality\":\"Z\u00fcrich\",\"postalCode\":\"8048\",\"addressRegion\":\"Z\u00fcrich\",\"addressCountry\":\"CH\"},{\"@type\":\"ImageObject\",\"inLanguage\":\"fr-FR\",\"@id\":\"https:\\\/\\\/3d-edu.ch\\\/fr\\\/limpression-3d-pour-une-etudiante-lors-de-la-journee-nationale-futur-en-tous-genres\\\/#local-main-organization-logo\",\"url\":\"https:\\\/\\\/3d-edu.ch\\\/wp-content\\\/uploads\\\/2018\\\/10\\\/3d-drucker-makerbot-formlabs-professionelle-3d-drucker-e1546527990490.png\",\"contentUrl\":\"https:\\\/\\\/3d-edu.ch\\\/wp-content\\\/uploads\\\/2018\\\/10\\\/3d-drucker-makerbot-formlabs-professionelle-3d-drucker-e1546527990490.png\",\"width\":275,\"height\":80,\"caption\":\"3D-EDU GmbH\"}]}<\/script>\n<meta name=\"geo.placename\" content=\"Z\u00fcrich\" \/>\n<meta name=\"geo.position\" content=\"47.38413;8.49812\" \/>\n<meta name=\"geo.region\" content=\"Suisse\" \/>\n<!-- \/ Yoast SEO Premium plugin. -->","yoast_head_json":{"title":"L'impression 3D pour une \u00e9tudiante lors de la journ\u00e9e nationale Futur en tous genres - 3D-EDU","robots":{"index":"index","follow":"follow","max-snippet":"max-snippet:-1","max-image-preview":"max-image-preview:large","max-video-preview":"max-video-preview:-1"},"canonical":"https:\/\/3d-edu.ch\/fr\/limpression-3d-pour-une-etudiante-lors-de-la-journee-nationale-futur-en-tous-genres\/","og_locale":"fr_FR","og_type":"article","og_title":"L'impression 3D pour une \u00e9tudiante lors de la journ\u00e9e nationale Futur en tous genres","og_description":"Ma visite chez Scheuss &#038; Partner AG Le 10.11.16, j&rsquo;ai pu (Lisa H.) rendre une visite particuli\u00e8rement passionnante \u00e0 la soci\u00e9t\u00e9 Scheuss &#038; Partner. J&rsquo;ai d\u00e9couvert cette entreprise gr\u00e2ce \u00e0 mon parrain (D. Villiger). J&rsquo;ai eu l&rsquo;occasion d&rsquo;y passer une demi-journ\u00e9e \u00e0 l&rsquo;occasion de la journ\u00e9e nationale Futur en tous genres. Cette journ\u00e9e a lieu [...]","og_url":"https:\/\/3d-edu.ch\/fr\/limpression-3d-pour-une-etudiante-lors-de-la-journee-nationale-futur-en-tous-genres\/","og_site_name":"3D-EDU GmbH","article_publisher":"https:\/\/www.facebook.com\/3d-educh-210277586064960\/","article_published_time":"2016-11-10T14:31:10+00:00","article_modified_time":"2026-01-27T15:09:26+00:00","og_image":[{"width":720,"height":380,"url":"https:\/\/3d-edu.ch\/wp-content\/uploads\/2016\/11\/3D-Drucker-in-der-Schule.jpg","type":"image\/jpeg"}],"author":"gygaxc","twitter_card":"summary_large_image","twitter_creator":"@3d_edu_ch","twitter_site":"@3d_edu_ch","twitter_misc":{"\u00c9crit par":"gygaxc","Dur\u00e9e de lecture estim\u00e9e":"2 minute"},"schema":{"@context":"https:\/\/schema.org","@graph":[{"@type":"Article","@id":"https:\/\/3d-edu.ch\/fr\/limpression-3d-pour-une-etudiante-lors-de-la-journee-nationale-futur-en-tous-genres\/#article","isPartOf":{"@id":"https:\/\/3d-edu.ch\/fr\/limpression-3d-pour-une-etudiante-lors-de-la-journee-nationale-futur-en-tous-genres\/"},"author":{"name":"gygaxc","@id":"https:\/\/3d-edu.ch\/fr\/#\/schema\/person\/202618fd97564d5cc16f60ea829f84fb"},"headline":"L&rsquo;impression 3D pour une \u00e9tudiante lors de la journ\u00e9e nationale Futur en tous genres","datePublished":"2016-11-10T14:31:10+00:00","dateModified":"2026-01-27T15:09:26+00:00","mainEntityOfPage":{"@id":"https:\/\/3d-edu.ch\/fr\/limpression-3d-pour-une-etudiante-lors-de-la-journee-nationale-futur-en-tous-genres\/"},"wordCount":351,"publisher":{"@id":"https:\/\/3d-edu.ch\/fr\/#organization"},"image":{"@id":"https:\/\/3d-edu.ch\/fr\/limpression-3d-pour-une-etudiante-lors-de-la-journee-nationale-futur-en-tous-genres\/#primaryimage"},"thumbnailUrl":"https:\/\/3d-edu.ch\/wp-content\/uploads\/2016\/11\/3D-Drucker-in-der-Schule.jpg","inLanguage":"fr-FR","copyrightYear":"2016","copyrightHolder":{"@id":"https:\/\/3d-edu.ch\/#organization"}},{"@type":"WebPage","@id":"https:\/\/3d-edu.ch\/fr\/limpression-3d-pour-une-etudiante-lors-de-la-journee-nationale-futur-en-tous-genres\/","url":"https:\/\/3d-edu.ch\/fr\/limpression-3d-pour-une-etudiante-lors-de-la-journee-nationale-futur-en-tous-genres\/","name":"L'impression 3D pour une \u00e9tudiante lors de la journ\u00e9e nationale Futur en tous genres - 3D-EDU","isPartOf":{"@id":"https:\/\/3d-edu.ch\/fr\/#website"},"primaryImageOfPage":{"@id":"https:\/\/3d-edu.ch\/fr\/limpression-3d-pour-une-etudiante-lors-de-la-journee-nationale-futur-en-tous-genres\/#primaryimage"},"image":{"@id":"https:\/\/3d-edu.ch\/fr\/limpression-3d-pour-une-etudiante-lors-de-la-journee-nationale-futur-en-tous-genres\/#primaryimage"},"thumbnailUrl":"https:\/\/3d-edu.ch\/wp-content\/uploads\/2016\/11\/3D-Drucker-in-der-Schule.jpg","datePublished":"2016-11-10T14:31:10+00:00","dateModified":"2026-01-27T15:09:26+00:00","breadcrumb":{"@id":"https:\/\/3d-edu.ch\/fr\/limpression-3d-pour-une-etudiante-lors-de-la-journee-nationale-futur-en-tous-genres\/#breadcrumb"},"inLanguage":"fr-FR","potentialAction":[{"@type":"ReadAction","target":["https:\/\/3d-edu.ch\/fr\/limpression-3d-pour-une-etudiante-lors-de-la-journee-nationale-futur-en-tous-genres\/"]}]},{"@type":"ImageObject","inLanguage":"fr-FR","@id":"https:\/\/3d-edu.ch\/fr\/limpression-3d-pour-une-etudiante-lors-de-la-journee-nationale-futur-en-tous-genres\/#primaryimage","url":"https:\/\/3d-edu.ch\/wp-content\/uploads\/2016\/11\/3D-Drucker-in-der-Schule.jpg","contentUrl":"https:\/\/3d-edu.ch\/wp-content\/uploads\/2016\/11\/3D-Drucker-in-der-Schule.jpg","width":720,"height":380,"caption":"imprimante 3d \u00e0 l'\u00e9cole"},{"@type":"BreadcrumbList","@id":"https:\/\/3d-edu.ch\/fr\/limpression-3d-pour-une-etudiante-lors-de-la-journee-nationale-futur-en-tous-genres\/#breadcrumb","itemListElement":[{"@type":"ListItem","position":1,"name":"Accueil","item":"https:\/\/3d-edu.ch\/fr\/"},{"@type":"ListItem","position":2,"name":"L&rsquo;impression 3D pour une \u00e9tudiante lors de la journ\u00e9e nationale Futur en tous genres"}]},{"@type":"WebSite","@id":"https:\/\/3d-edu.ch\/fr\/#website","url":"https:\/\/3d-edu.ch\/fr\/","name":"3D-EDU GmbH","description":"Your Formlabs, UltiMaker and Raise3D Printer Support and Education Site in Switzerland. \/\/ Ihre Formlabs, UltiMaker and Raise3D Drucker Support und Bildungs Webseite der Schweiz.","publisher":{"@id":"https:\/\/3d-edu.ch\/fr\/#organization"},"potentialAction":[{"@type":"SearchAction","target":{"@type":"EntryPoint","urlTemplate":"https:\/\/3d-edu.ch\/fr\/?s={search_term_string}"},"query-input":{"@type":"PropertyValueSpecification","valueRequired":true,"valueName":"search_term_string"}}],"inLanguage":"fr-FR"},{"@type":["Organization","Place","ElectronicsStore"],"@id":"https:\/\/3d-edu.ch\/fr\/#organization","name":"3D-EDU GmbH","url":"https:\/\/3d-edu.ch\/fr\/","logo":{"@id":"https:\/\/3d-edu.ch\/fr\/limpression-3d-pour-une-etudiante-lors-de-la-journee-nationale-futur-en-tous-genres\/#local-main-organization-logo"},"image":{"@id":"https:\/\/3d-edu.ch\/fr\/limpression-3d-pour-une-etudiante-lors-de-la-journee-nationale-futur-en-tous-genres\/#local-main-organization-logo"},"sameAs":["https:\/\/www.facebook.com\/3d-educh-210277586064960\/","https:\/\/x.com\/3d_edu_ch"],"address":{"@id":"https:\/\/3d-edu.ch\/fr\/limpression-3d-pour-une-etudiante-lors-de-la-journee-nationale-futur-en-tous-genres\/#local-main-place-address"},"geo":{"@type":"GeoCoordinates","latitude":"47.38413","longitude":"8.49812"},"telephone":["+41 44 492 11 22"],"openingHoursSpecification":[{"@type":"OpeningHoursSpecification","dayOfWeek":["Monday","Tuesday","Wednesday","Thursday","Friday"],"opens":"08:30","closes":"18:00"},{"@type":"OpeningHoursSpecification","dayOfWeek":["Saturday","Sunday"],"opens":"00:00","closes":"00:00"}],"email":"info@3d-edu.ch","faxNumber":"+41 44 492 11 23","vatID":"CHE-184.499.491 MWST","priceRange":"$$$","currenciesAccepted":"CHF"},{"@type":"Person","@id":"https:\/\/3d-edu.ch\/fr\/#\/schema\/person\/202618fd97564d5cc16f60ea829f84fb","name":"gygaxc"},{"@type":"PostalAddress","@id":"https:\/\/3d-edu.ch\/fr\/limpression-3d-pour-une-etudiante-lors-de-la-journee-nationale-futur-en-tous-genres\/#local-main-place-address","streetAddress":"3D-EDU GmbH, Badenerstrasse 556","addressLocality":"Z\u00fcrich","postalCode":"8048","addressRegion":"Z\u00fcrich","addressCountry":"CH"},{"@type":"ImageObject","inLanguage":"fr-FR","@id":"https:\/\/3d-edu.ch\/fr\/limpression-3d-pour-une-etudiante-lors-de-la-journee-nationale-futur-en-tous-genres\/#local-main-organization-logo","url":"https:\/\/3d-edu.ch\/wp-content\/uploads\/2018\/10\/3d-drucker-makerbot-formlabs-professionelle-3d-drucker-e1546527990490.png","contentUrl":"https:\/\/3d-edu.ch\/wp-content\/uploads\/2018\/10\/3d-drucker-makerbot-formlabs-professionelle-3d-drucker-e1546527990490.png","width":275,"height":80,"caption":"3D-EDU GmbH"}]},"geo.placename":"Z\u00fcrich","geo.position":{"lat":"47.38413","long":"8.49812"},"geo.region":"Suisse"},"_links":{"self":[{"href":"https:\/\/3d-edu.ch\/fr\/wp-json\/wp\/v2\/posts\/76075","targetHints":{"allow":["GET"]}}],"collection":[{"href":"https:\/\/3d-edu.ch\/fr\/wp-json\/wp\/v2\/posts"}],"about":[{"href":"https:\/\/3d-edu.ch\/fr\/wp-json\/wp\/v2\/types\/post"}],"author":[{"embeddable":true,"href":"https:\/\/3d-edu.ch\/fr\/wp-json\/wp\/v2\/users\/1"}],"replies":[{"embeddable":true,"href":"https:\/\/3d-edu.ch\/fr\/wp-json\/wp\/v2\/comments?post=76075"}],"version-history":[{"count":2,"href":"https:\/\/3d-edu.ch\/fr\/wp-json\/wp\/v2\/posts\/76075\/revisions"}],"predecessor-version":[{"id":76085,"href":"https:\/\/3d-edu.ch\/fr\/wp-json\/wp\/v2\/posts\/76075\/revisions\/76085"}],"wp:featuredmedia":[{"embeddable":true,"href":"https:\/\/3d-edu.ch\/fr\/wp-json\/wp\/v2\/media\/56292"}],"wp:attachment":[{"href":"https:\/\/3d-edu.ch\/fr\/wp-json\/wp\/v2\/media?parent=76075"}],"wp:term":[{"taxonomy":"category","embeddable":true,"href":"https:\/\/3d-edu.ch\/fr\/wp-json\/wp\/v2\/categories?post=76075"},{"taxonomy":"post_tag","embeddable":true,"href":"https:\/\/3d-edu.ch\/fr\/wp-json\/wp\/v2\/tags?post=76075"}],"curies":[{"name":"wp","href":"https:\/\/api.w.org\/{rel}","templated":true}]}}