{"id":76000,"date":"2018-11-30T11:21:37","date_gmt":"2018-11-30T10:21:37","guid":{"rendered":"https:\/\/3d-edu.ch\/les-imprimantes-3d-dans-les-ecoles-avec-un-apercu-du-programme-scolaire-21\/"},"modified":"2026-01-27T15:45:31","modified_gmt":"2026-01-27T14:45:31","slug":"les-imprimantes-3d-dans-les-ecoles-avec-un-apercu-du-programme-scolaire-21","status":"publish","type":"post","link":"https:\/\/3d-edu.ch\/fr\/les-imprimantes-3d-dans-les-ecoles-avec-un-apercu-du-programme-scolaire-21\/","title":{"rendered":"Les imprimantes 3D dans les \u00e9coles - avec un aper\u00e7u du programme scolaire 21"},"content":{"rendered":"\n<p>Hier, C. Gygax de 3D-EDU a fait une pr\u00e9sentation sur \u00ab\u00a0Les imprimantes 3D \u00e0 l&rsquo;\u00e9cole primaire avec une perspective sur le programme scolaire 21\u00a0\u00bb \u00e0 l&rsquo;<a href=\"http:\/\/www.schulebadzurzach.ch\/de\/\" target=\"_blank\" rel=\"noopener noreferrer\">\u00e9cole de Bad Zurzach<\/a>.<\/p>\n<p>Le <a href=\"https:\/\/www.lehrplan.ch\/kanton-aargau\" target=\"_blank\" rel=\"noopener noreferrer\">plan d&rsquo;\u00e9tudes 21 est sur le point d&rsquo;\u00eatre mis en \u0153uvre dans le canton d&rsquo;Argovie<\/a>. Il est pr\u00e9vu de l&rsquo;introduire au cours de l&rsquo;ann\u00e9e scolaire 2020\/21 et de nombreuses \u00e9coles et enseignants se penchent d\u00e9j\u00e0 sur le sujet. De nombreuses questions se posent : qu&rsquo;est-ce qui va changer ? Comment allons-nous, en tant qu&rsquo;\u00e9cole - en tant qu&rsquo;enseignants - mettre en \u0153uvre le programme scolaire 21 ? Quelles sont les adaptations n\u00e9cessaires ? Qu&rsquo;est-ce qui peut \u00eatre conserv\u00e9 et d\u00e9velopp\u00e9 ?      <\/p>\n<p>Le sujet fait bouger les choses. Outre les formations continues obligatoires sur le programme scolaire 21, les enseignants suivent volontairement des \u00e9v\u00e9nements et des s\u00e9minaires pour s&rsquo;y pr\u00e9parer. Certaines \u00e9coles, comme l&rsquo;\u00e9cole de Bad Zurzach, organisent et soutiennent ces offres de mani\u00e8re proactive. Dans le cadre d&rsquo;une telle formation interne, nous avons \u00e9t\u00e9 invit\u00e9s mercredi dernier apr\u00e8s-midi \u00e0 faire une pr\u00e9sentation sur les imprimantes 3D dans les \u00e9coles.   <\/p>\n<p>Il s&rsquo;agissait d&rsquo;une part d&rsquo;expliquer le fonctionnement des <a href=\"\/makerbot\/3d-drucker\/makerbot-replicator-plus\/\">imprimantes 3D<\/a> aux enseignants pr\u00e9sents. Cependant, l&rsquo;accent a \u00e9t\u00e9 mis sur la clarification des questions p\u00e9dagogiques et didactiques. Comment justifier l&rsquo;utilisation d&rsquo;imprimantes 3D dans l&rsquo;enseignement primaire ? Quelles sont les justifications sociales, catalytiques et p\u00e9dagogiques de cette utilisation ?   <\/p>\n<figure id=\"attachment_14258\" aria-describedby=\"caption-attachment-14258\" style=\"width: 720px\" class=\"wp-caption aligncenter\"><img loading=\"lazy\" decoding=\"async\" class=\"wp-image-14258 size-full\" src=\"https:\/\/dedune53.myhostpoint.ch\/wp-content\/uploads\/2018\/11\/3D-Druck-an-Aargauer-Schulen-in-Hinsicht-auf-Lehrplan-21.jpg\" alt=\"Impression 3D dans les \u00e9coles d'Argovie en vue du programme scolaire 21\" width=\"720\" height=\"380\" srcset=\"https:\/\/3d-edu.ch\/wp-content\/smush-avif\/2018\/11\/3D-Druck-an-Aargauer-Schulen-in-Hinsicht-auf-Lehrplan-21.jpg.avif 720w, https:\/\/3d-edu.ch\/wp-content\/smush-avif\/2018\/11\/3D-Druck-an-Aargauer-Schulen-in-Hinsicht-auf-Lehrplan-21-380x201.jpg.avif 380w, https:\/\/3d-edu.ch\/wp-content\/smush-avif\/2018\/11\/3D-Druck-an-Aargauer-Schulen-in-Hinsicht-auf-Lehrplan-21-240x127.jpg.avif 240w\" sizes=\"auto, (max-width: 720px) 100vw, 720px\" \/><figcaption id=\"caption-attachment-14258\" class=\"wp-caption-text\">Enseignants int\u00e9ress\u00e9s en discussion avec le conf\u00e9rencier pendant la pause<\/figcaption><\/figure>\n<p>Dans la perspective de l&rsquo;introduction du programme scolaire 21, il a fallu passer au concret : Comment l&rsquo;utilisation de la CAO (conception assist\u00e9e par ordinateur) et des imprimantes 3D peut-elle \u00eatre associ\u00e9e aux <a href=\"https:\/\/ag.lehrplan.ch\/\" target=\"_blank\" rel=\"noopener noreferrer\">comp\u00e9tences du programme scolaire 21<\/a>?<\/p>\n<p>Nous avons montr\u00e9 \u00e0 l&rsquo;aide d&rsquo;exemples concrets quels projets, dans quelles mati\u00e8res, quelles comp\u00e9tences pourraient \u00eatre d\u00e9velopp\u00e9es. Et comment, gr\u00e2ce \u00e0 la d\u00e9finition des t\u00e2ches et \u00e0 la possibilit\u00e9 d&rsquo;utiliser des imprimantes 3D, on pourrait stimuler de v\u00e9ritables processus de r\u00e9solution de probl\u00e8mes et travailler de mani\u00e8re interdisciplinaire. <\/p>\n<p>Nous avons \u00e9galement pr\u00e9sent\u00e9 divers supports qui aident les enseignants \u00e0 aborder eux-m\u00eames le sujet de l&rsquo;impression 3D : Des applications adapt\u00e9es aux enfants et utilis\u00e9es \u00e0 l&rsquo;\u00e9cole primaire, <a href=\"https:\/\/3d-edu.ch\/fr\/education\/makerbot-educators-guidebook\/\">du mat\u00e9riel p\u00e9dagogique<\/a> et <a href=\"https:\/\/www.thingiverse.com\/education\" target=\"_blank\" rel=\"noopener noreferrer\">des collections<\/a> qui peuvent donner aux enseignants des id\u00e9es et des points de rep\u00e8re pour leurs cours, et des ressources qui aident les enseignants \u00e0 acqu\u00e9rir les connaissances n\u00e9cessaires.<\/p>\n<p>M\u00eame s&rsquo;ils n&rsquo;ont pas eu le temps de s&rsquo;essayer \u00e0 la CAO, les enseignants ont pu se faire une premi\u00e8re id\u00e9e de la mani\u00e8re dont ils peuvent aborder le sujet de mani\u00e8re simple et ludique. L&rsquo;id\u00e9e d&rsquo;utiliser l&rsquo;imprimante 3D \u00e0 l&rsquo;\u00e9cole a \u00e9t\u00e9 comprise et approuv\u00e9e, mais il reste encore aux enseignants \u00e0 acqu\u00e9rir les comp\u00e9tences n\u00e9cessaires&#8230; <\/p>\n<p> <\/p>\n<p>D\u00e9couvrez \u00e9galement notre <a href=\"https:\/\/3d-edu.ch\/fr\/education\/pack-ecole-digitalgenial3d\/\">package scolaire DigitalGenial3D<\/a> pour les \u00e9coles et les \u00e9tablissements d&rsquo;enseignement !<\/p>\n\n","protected":false},"excerpt":{"rendered":"<p>Hier, C. Gygax de 3D-EDU a fait une pr\u00e9sentation sur \u00ab\u00a0Les imprimantes 3D \u00e0 l&rsquo;\u00e9cole primaire avec une perspective sur le programme scolaire 21\u00a0\u00bb \u00e0 l&rsquo;\u00e9cole de Bad Zurzach. Le plan d&rsquo;\u00e9tudes 21 est sur le point d&rsquo;\u00eatre mis en \u0153uvre dans le canton d&rsquo;Argovie. Il est pr\u00e9vu de l&rsquo;introduire au cours de l&rsquo;ann\u00e9e scolaire [&#8230;]\n","protected":false},"author":1,"featured_media":57815,"comment_status":"closed","ping_status":"closed","sticky":false,"template":"","format":"standard","meta":{"footnotes":""},"categories":[7816,7811],"tags":[],"class_list":["post-76000","post","type-post","status-publish","format-standard","has-post-thumbnail","hentry","category-ecole-et-enseignement-fr","category-histoires-deducation"],"yoast_head":"<!-- This site is optimized with the Yoast SEO Premium plugin v27.4 (Yoast SEO v27.4) - https:\/\/yoast.com\/product\/yoast-seo-premium-wordpress\/ -->\n<title>Les imprimantes 3D dans les \u00e9coles - avec un aper\u00e7u du programme scolaire 21 - 3D-EDU<\/title>\n<meta name=\"robots\" content=\"index, follow, max-snippet:-1, max-image-preview:large, max-video-preview:-1\" \/>\n<link rel=\"canonical\" href=\"https:\/\/3d-edu.ch\/fr\/les-imprimantes-3d-dans-les-ecoles-avec-un-apercu-du-programme-scolaire-21\/\" \/>\n<meta property=\"og:locale\" content=\"fr_FR\" \/>\n<meta property=\"og:type\" content=\"article\" \/>\n<meta property=\"og:title\" content=\"Les imprimantes 3D dans les \u00e9coles - avec un aper\u00e7u du programme scolaire 21\" \/>\n<meta property=\"og:description\" content=\"Hier, C. Gygax de 3D-EDU a fait une pr\u00e9sentation sur \u00ab\u00a0Les imprimantes 3D \u00e0 l&rsquo;\u00e9cole primaire avec une perspective sur le programme scolaire 21\u00a0\u00bb \u00e0 l&rsquo;\u00e9cole de Bad Zurzach. Le plan d&rsquo;\u00e9tudes 21 est sur le point d&rsquo;\u00eatre mis en \u0153uvre dans le canton d&rsquo;Argovie. Il est pr\u00e9vu de l&rsquo;introduire au cours de l&rsquo;ann\u00e9e scolaire [...]\" \/>\n<meta property=\"og:url\" content=\"https:\/\/3d-edu.ch\/fr\/les-imprimantes-3d-dans-les-ecoles-avec-un-apercu-du-programme-scolaire-21\/\" \/>\n<meta property=\"og:site_name\" content=\"3D-EDU GmbH\" \/>\n<meta property=\"article:publisher\" content=\"https:\/\/www.facebook.com\/3d-educh-210277586064960\/\" \/>\n<meta property=\"article:published_time\" content=\"2018-11-30T10:21:37+00:00\" \/>\n<meta property=\"article:modified_time\" content=\"2026-01-27T14:45:31+00:00\" \/>\n<meta property=\"og:image\" content=\"https:\/\/3d-edu.ch\/wp-content\/uploads\/2018\/11\/3D-Druck-an-der-Primarschule-im-Hinblick-auf-den-Lehrplan-21.jpg\" \/>\n\t<meta property=\"og:image:width\" content=\"720\" \/>\n\t<meta property=\"og:image:height\" content=\"380\" \/>\n\t<meta property=\"og:image:type\" content=\"image\/jpeg\" \/>\n<meta name=\"author\" content=\"gygaxc\" \/>\n<meta name=\"twitter:card\" content=\"summary_large_image\" \/>\n<meta name=\"twitter:creator\" content=\"@3d_edu_ch\" \/>\n<meta name=\"twitter:site\" content=\"@3d_edu_ch\" \/>\n<meta name=\"twitter:label1\" content=\"\u00c9crit par\" \/>\n\t<meta name=\"twitter:data1\" content=\"gygaxc\" \/>\n\t<meta name=\"twitter:label2\" content=\"Dur\u00e9e de lecture estim\u00e9e\" \/>\n\t<meta name=\"twitter:data2\" content=\"2 minute\" \/>\n<script type=\"application\/ld+json\" class=\"yoast-schema-graph\">{\"@context\":\"https:\\\/\\\/schema.org\",\"@graph\":[{\"@type\":\"Article\",\"@id\":\"https:\\\/\\\/3d-edu.ch\\\/fr\\\/les-imprimantes-3d-dans-les-ecoles-avec-un-apercu-du-programme-scolaire-21\\\/#article\",\"isPartOf\":{\"@id\":\"https:\\\/\\\/3d-edu.ch\\\/fr\\\/les-imprimantes-3d-dans-les-ecoles-avec-un-apercu-du-programme-scolaire-21\\\/\"},\"author\":{\"name\":\"gygaxc\",\"@id\":\"https:\\\/\\\/3d-edu.ch\\\/fr\\\/#\\\/schema\\\/person\\\/202618fd97564d5cc16f60ea829f84fb\"},\"headline\":\"Les imprimantes 3D dans les \u00e9coles - avec un aper\u00e7u du programme scolaire 21\",\"datePublished\":\"2018-11-30T10:21:37+00:00\",\"dateModified\":\"2026-01-27T14:45:31+00:00\",\"mainEntityOfPage\":{\"@id\":\"https:\\\/\\\/3d-edu.ch\\\/fr\\\/les-imprimantes-3d-dans-les-ecoles-avec-un-apercu-du-programme-scolaire-21\\\/\"},\"wordCount\":538,\"publisher\":{\"@id\":\"https:\\\/\\\/3d-edu.ch\\\/fr\\\/#organization\"},\"image\":{\"@id\":\"https:\\\/\\\/3d-edu.ch\\\/fr\\\/les-imprimantes-3d-dans-les-ecoles-avec-un-apercu-du-programme-scolaire-21\\\/#primaryimage\"},\"thumbnailUrl\":\"https:\\\/\\\/3d-edu.ch\\\/wp-content\\\/uploads\\\/2018\\\/11\\\/3D-Druck-an-der-Primarschule-im-Hinblick-auf-den-Lehrplan-21.jpg\",\"articleSection\":[\"\u00c9cole et enseignement\",\"Histoires d&#039;\u00e9ducation\"],\"inLanguage\":\"fr-FR\",\"copyrightYear\":\"2018\",\"copyrightHolder\":{\"@id\":\"https:\\\/\\\/3d-edu.ch\\\/#organization\"}},{\"@type\":\"WebPage\",\"@id\":\"https:\\\/\\\/3d-edu.ch\\\/fr\\\/les-imprimantes-3d-dans-les-ecoles-avec-un-apercu-du-programme-scolaire-21\\\/\",\"url\":\"https:\\\/\\\/3d-edu.ch\\\/fr\\\/les-imprimantes-3d-dans-les-ecoles-avec-un-apercu-du-programme-scolaire-21\\\/\",\"name\":\"Les imprimantes 3D dans les \u00e9coles - avec un aper\u00e7u du programme scolaire 21 - 3D-EDU\",\"isPartOf\":{\"@id\":\"https:\\\/\\\/3d-edu.ch\\\/fr\\\/#website\"},\"primaryImageOfPage\":{\"@id\":\"https:\\\/\\\/3d-edu.ch\\\/fr\\\/les-imprimantes-3d-dans-les-ecoles-avec-un-apercu-du-programme-scolaire-21\\\/#primaryimage\"},\"image\":{\"@id\":\"https:\\\/\\\/3d-edu.ch\\\/fr\\\/les-imprimantes-3d-dans-les-ecoles-avec-un-apercu-du-programme-scolaire-21\\\/#primaryimage\"},\"thumbnailUrl\":\"https:\\\/\\\/3d-edu.ch\\\/wp-content\\\/uploads\\\/2018\\\/11\\\/3D-Druck-an-der-Primarschule-im-Hinblick-auf-den-Lehrplan-21.jpg\",\"datePublished\":\"2018-11-30T10:21:37+00:00\",\"dateModified\":\"2026-01-27T14:45:31+00:00\",\"breadcrumb\":{\"@id\":\"https:\\\/\\\/3d-edu.ch\\\/fr\\\/les-imprimantes-3d-dans-les-ecoles-avec-un-apercu-du-programme-scolaire-21\\\/#breadcrumb\"},\"inLanguage\":\"fr-FR\",\"potentialAction\":[{\"@type\":\"ReadAction\",\"target\":[\"https:\\\/\\\/3d-edu.ch\\\/fr\\\/les-imprimantes-3d-dans-les-ecoles-avec-un-apercu-du-programme-scolaire-21\\\/\"]}]},{\"@type\":\"ImageObject\",\"inLanguage\":\"fr-FR\",\"@id\":\"https:\\\/\\\/3d-edu.ch\\\/fr\\\/les-imprimantes-3d-dans-les-ecoles-avec-un-apercu-du-programme-scolaire-21\\\/#primaryimage\",\"url\":\"https:\\\/\\\/3d-edu.ch\\\/wp-content\\\/uploads\\\/2018\\\/11\\\/3D-Druck-an-der-Primarschule-im-Hinblick-auf-den-Lehrplan-21.jpg\",\"contentUrl\":\"https:\\\/\\\/3d-edu.ch\\\/wp-content\\\/uploads\\\/2018\\\/11\\\/3D-Druck-an-der-Primarschule-im-Hinblick-auf-den-Lehrplan-21.jpg\",\"width\":720,\"height\":380,\"caption\":\"L'impression 3D \u00e0 l'\u00e9cole primaire--en vue du programme scolaire-21\"},{\"@type\":\"BreadcrumbList\",\"@id\":\"https:\\\/\\\/3d-edu.ch\\\/fr\\\/les-imprimantes-3d-dans-les-ecoles-avec-un-apercu-du-programme-scolaire-21\\\/#breadcrumb\",\"itemListElement\":[{\"@type\":\"ListItem\",\"position\":1,\"name\":\"Accueil\",\"item\":\"https:\\\/\\\/3d-edu.ch\\\/fr\\\/\"},{\"@type\":\"ListItem\",\"position\":2,\"name\":\"Les imprimantes 3D dans les \u00e9coles &#8211; avec un aper\u00e7u du programme scolaire 21\"}]},{\"@type\":\"WebSite\",\"@id\":\"https:\\\/\\\/3d-edu.ch\\\/fr\\\/#website\",\"url\":\"https:\\\/\\\/3d-edu.ch\\\/fr\\\/\",\"name\":\"3D-EDU GmbH\",\"description\":\"Your Formlabs, UltiMaker and Raise3D Printer Support and Education Site in Switzerland. \\\/\\\/ Ihre Formlabs, UltiMaker and Raise3D Drucker Support und Bildungs Webseite der Schweiz.\",\"publisher\":{\"@id\":\"https:\\\/\\\/3d-edu.ch\\\/fr\\\/#organization\"},\"potentialAction\":[{\"@type\":\"SearchAction\",\"target\":{\"@type\":\"EntryPoint\",\"urlTemplate\":\"https:\\\/\\\/3d-edu.ch\\\/fr\\\/?s={search_term_string}\"},\"query-input\":{\"@type\":\"PropertyValueSpecification\",\"valueRequired\":true,\"valueName\":\"search_term_string\"}}],\"inLanguage\":\"fr-FR\"},{\"@type\":[\"Organization\",\"Place\",\"ElectronicsStore\"],\"@id\":\"https:\\\/\\\/3d-edu.ch\\\/fr\\\/#organization\",\"name\":\"3D-EDU GmbH\",\"url\":\"https:\\\/\\\/3d-edu.ch\\\/fr\\\/\",\"logo\":{\"@id\":\"https:\\\/\\\/3d-edu.ch\\\/fr\\\/les-imprimantes-3d-dans-les-ecoles-avec-un-apercu-du-programme-scolaire-21\\\/#local-main-organization-logo\"},\"image\":{\"@id\":\"https:\\\/\\\/3d-edu.ch\\\/fr\\\/les-imprimantes-3d-dans-les-ecoles-avec-un-apercu-du-programme-scolaire-21\\\/#local-main-organization-logo\"},\"sameAs\":[\"https:\\\/\\\/www.facebook.com\\\/3d-educh-210277586064960\\\/\",\"https:\\\/\\\/x.com\\\/3d_edu_ch\"],\"address\":{\"@id\":\"https:\\\/\\\/3d-edu.ch\\\/fr\\\/les-imprimantes-3d-dans-les-ecoles-avec-un-apercu-du-programme-scolaire-21\\\/#local-main-place-address\"},\"geo\":{\"@type\":\"GeoCoordinates\",\"latitude\":\"47.38413\",\"longitude\":\"8.49812\"},\"telephone\":[\"+41 44 492 11 22\"],\"openingHoursSpecification\":[{\"@type\":\"OpeningHoursSpecification\",\"dayOfWeek\":[\"Monday\",\"Tuesday\",\"Wednesday\",\"Thursday\",\"Friday\"],\"opens\":\"08:30\",\"closes\":\"18:00\"},{\"@type\":\"OpeningHoursSpecification\",\"dayOfWeek\":[\"Saturday\",\"Sunday\"],\"opens\":\"00:00\",\"closes\":\"00:00\"}],\"email\":\"info@3d-edu.ch\",\"faxNumber\":\"+41 44 492 11 23\",\"vatID\":\"CHE-184.499.491 MWST\",\"priceRange\":\"$$$\",\"currenciesAccepted\":\"CHF\"},{\"@type\":\"Person\",\"@id\":\"https:\\\/\\\/3d-edu.ch\\\/fr\\\/#\\\/schema\\\/person\\\/202618fd97564d5cc16f60ea829f84fb\",\"name\":\"gygaxc\"},{\"@type\":\"PostalAddress\",\"@id\":\"https:\\\/\\\/3d-edu.ch\\\/fr\\\/les-imprimantes-3d-dans-les-ecoles-avec-un-apercu-du-programme-scolaire-21\\\/#local-main-place-address\",\"streetAddress\":\"3D-EDU GmbH, Badenerstrasse 556\",\"addressLocality\":\"Z\u00fcrich\",\"postalCode\":\"8048\",\"addressRegion\":\"Z\u00fcrich\",\"addressCountry\":\"CH\"},{\"@type\":\"ImageObject\",\"inLanguage\":\"fr-FR\",\"@id\":\"https:\\\/\\\/3d-edu.ch\\\/fr\\\/les-imprimantes-3d-dans-les-ecoles-avec-un-apercu-du-programme-scolaire-21\\\/#local-main-organization-logo\",\"url\":\"https:\\\/\\\/3d-edu.ch\\\/wp-content\\\/uploads\\\/2018\\\/10\\\/3d-drucker-makerbot-formlabs-professionelle-3d-drucker-e1546527990490.png\",\"contentUrl\":\"https:\\\/\\\/3d-edu.ch\\\/wp-content\\\/uploads\\\/2018\\\/10\\\/3d-drucker-makerbot-formlabs-professionelle-3d-drucker-e1546527990490.png\",\"width\":275,\"height\":80,\"caption\":\"3D-EDU GmbH\"}]}<\/script>\n<meta name=\"geo.placename\" content=\"Z\u00fcrich\" \/>\n<meta name=\"geo.position\" content=\"47.38413;8.49812\" \/>\n<meta name=\"geo.region\" content=\"Suisse\" \/>\n<!-- \/ Yoast SEO Premium plugin. -->","yoast_head_json":{"title":"Les imprimantes 3D dans les \u00e9coles - avec un aper\u00e7u du programme scolaire 21 - 3D-EDU","robots":{"index":"index","follow":"follow","max-snippet":"max-snippet:-1","max-image-preview":"max-image-preview:large","max-video-preview":"max-video-preview:-1"},"canonical":"https:\/\/3d-edu.ch\/fr\/les-imprimantes-3d-dans-les-ecoles-avec-un-apercu-du-programme-scolaire-21\/","og_locale":"fr_FR","og_type":"article","og_title":"Les imprimantes 3D dans les \u00e9coles - avec un aper\u00e7u du programme scolaire 21","og_description":"Hier, C. Gygax de 3D-EDU a fait une pr\u00e9sentation sur \u00ab\u00a0Les imprimantes 3D \u00e0 l&rsquo;\u00e9cole primaire avec une perspective sur le programme scolaire 21\u00a0\u00bb \u00e0 l&rsquo;\u00e9cole de Bad Zurzach. Le plan d&rsquo;\u00e9tudes 21 est sur le point d&rsquo;\u00eatre mis en \u0153uvre dans le canton d&rsquo;Argovie. Il est pr\u00e9vu de l&rsquo;introduire au cours de l&rsquo;ann\u00e9e scolaire [...]","og_url":"https:\/\/3d-edu.ch\/fr\/les-imprimantes-3d-dans-les-ecoles-avec-un-apercu-du-programme-scolaire-21\/","og_site_name":"3D-EDU GmbH","article_publisher":"https:\/\/www.facebook.com\/3d-educh-210277586064960\/","article_published_time":"2018-11-30T10:21:37+00:00","article_modified_time":"2026-01-27T14:45:31+00:00","og_image":[{"width":720,"height":380,"url":"https:\/\/3d-edu.ch\/wp-content\/uploads\/2018\/11\/3D-Druck-an-der-Primarschule-im-Hinblick-auf-den-Lehrplan-21.jpg","type":"image\/jpeg"}],"author":"gygaxc","twitter_card":"summary_large_image","twitter_creator":"@3d_edu_ch","twitter_site":"@3d_edu_ch","twitter_misc":{"\u00c9crit par":"gygaxc","Dur\u00e9e de lecture estim\u00e9e":"2 minute"},"schema":{"@context":"https:\/\/schema.org","@graph":[{"@type":"Article","@id":"https:\/\/3d-edu.ch\/fr\/les-imprimantes-3d-dans-les-ecoles-avec-un-apercu-du-programme-scolaire-21\/#article","isPartOf":{"@id":"https:\/\/3d-edu.ch\/fr\/les-imprimantes-3d-dans-les-ecoles-avec-un-apercu-du-programme-scolaire-21\/"},"author":{"name":"gygaxc","@id":"https:\/\/3d-edu.ch\/fr\/#\/schema\/person\/202618fd97564d5cc16f60ea829f84fb"},"headline":"Les imprimantes 3D dans les \u00e9coles - avec un aper\u00e7u du programme scolaire 21","datePublished":"2018-11-30T10:21:37+00:00","dateModified":"2026-01-27T14:45:31+00:00","mainEntityOfPage":{"@id":"https:\/\/3d-edu.ch\/fr\/les-imprimantes-3d-dans-les-ecoles-avec-un-apercu-du-programme-scolaire-21\/"},"wordCount":538,"publisher":{"@id":"https:\/\/3d-edu.ch\/fr\/#organization"},"image":{"@id":"https:\/\/3d-edu.ch\/fr\/les-imprimantes-3d-dans-les-ecoles-avec-un-apercu-du-programme-scolaire-21\/#primaryimage"},"thumbnailUrl":"https:\/\/3d-edu.ch\/wp-content\/uploads\/2018\/11\/3D-Druck-an-der-Primarschule-im-Hinblick-auf-den-Lehrplan-21.jpg","articleSection":["\u00c9cole et enseignement","Histoires d&#039;\u00e9ducation"],"inLanguage":"fr-FR","copyrightYear":"2018","copyrightHolder":{"@id":"https:\/\/3d-edu.ch\/#organization"}},{"@type":"WebPage","@id":"https:\/\/3d-edu.ch\/fr\/les-imprimantes-3d-dans-les-ecoles-avec-un-apercu-du-programme-scolaire-21\/","url":"https:\/\/3d-edu.ch\/fr\/les-imprimantes-3d-dans-les-ecoles-avec-un-apercu-du-programme-scolaire-21\/","name":"Les imprimantes 3D dans les \u00e9coles - avec un aper\u00e7u du programme scolaire 21 - 3D-EDU","isPartOf":{"@id":"https:\/\/3d-edu.ch\/fr\/#website"},"primaryImageOfPage":{"@id":"https:\/\/3d-edu.ch\/fr\/les-imprimantes-3d-dans-les-ecoles-avec-un-apercu-du-programme-scolaire-21\/#primaryimage"},"image":{"@id":"https:\/\/3d-edu.ch\/fr\/les-imprimantes-3d-dans-les-ecoles-avec-un-apercu-du-programme-scolaire-21\/#primaryimage"},"thumbnailUrl":"https:\/\/3d-edu.ch\/wp-content\/uploads\/2018\/11\/3D-Druck-an-der-Primarschule-im-Hinblick-auf-den-Lehrplan-21.jpg","datePublished":"2018-11-30T10:21:37+00:00","dateModified":"2026-01-27T14:45:31+00:00","breadcrumb":{"@id":"https:\/\/3d-edu.ch\/fr\/les-imprimantes-3d-dans-les-ecoles-avec-un-apercu-du-programme-scolaire-21\/#breadcrumb"},"inLanguage":"fr-FR","potentialAction":[{"@type":"ReadAction","target":["https:\/\/3d-edu.ch\/fr\/les-imprimantes-3d-dans-les-ecoles-avec-un-apercu-du-programme-scolaire-21\/"]}]},{"@type":"ImageObject","inLanguage":"fr-FR","@id":"https:\/\/3d-edu.ch\/fr\/les-imprimantes-3d-dans-les-ecoles-avec-un-apercu-du-programme-scolaire-21\/#primaryimage","url":"https:\/\/3d-edu.ch\/wp-content\/uploads\/2018\/11\/3D-Druck-an-der-Primarschule-im-Hinblick-auf-den-Lehrplan-21.jpg","contentUrl":"https:\/\/3d-edu.ch\/wp-content\/uploads\/2018\/11\/3D-Druck-an-der-Primarschule-im-Hinblick-auf-den-Lehrplan-21.jpg","width":720,"height":380,"caption":"L'impression 3D \u00e0 l'\u00e9cole primaire--en vue du programme scolaire-21"},{"@type":"BreadcrumbList","@id":"https:\/\/3d-edu.ch\/fr\/les-imprimantes-3d-dans-les-ecoles-avec-un-apercu-du-programme-scolaire-21\/#breadcrumb","itemListElement":[{"@type":"ListItem","position":1,"name":"Accueil","item":"https:\/\/3d-edu.ch\/fr\/"},{"@type":"ListItem","position":2,"name":"Les imprimantes 3D dans les \u00e9coles &#8211; avec un aper\u00e7u du programme scolaire 21"}]},{"@type":"WebSite","@id":"https:\/\/3d-edu.ch\/fr\/#website","url":"https:\/\/3d-edu.ch\/fr\/","name":"3D-EDU GmbH","description":"Your Formlabs, UltiMaker and Raise3D Printer Support and Education Site in Switzerland. \/\/ Ihre Formlabs, UltiMaker and Raise3D Drucker Support und Bildungs Webseite der Schweiz.","publisher":{"@id":"https:\/\/3d-edu.ch\/fr\/#organization"},"potentialAction":[{"@type":"SearchAction","target":{"@type":"EntryPoint","urlTemplate":"https:\/\/3d-edu.ch\/fr\/?s={search_term_string}"},"query-input":{"@type":"PropertyValueSpecification","valueRequired":true,"valueName":"search_term_string"}}],"inLanguage":"fr-FR"},{"@type":["Organization","Place","ElectronicsStore"],"@id":"https:\/\/3d-edu.ch\/fr\/#organization","name":"3D-EDU GmbH","url":"https:\/\/3d-edu.ch\/fr\/","logo":{"@id":"https:\/\/3d-edu.ch\/fr\/les-imprimantes-3d-dans-les-ecoles-avec-un-apercu-du-programme-scolaire-21\/#local-main-organization-logo"},"image":{"@id":"https:\/\/3d-edu.ch\/fr\/les-imprimantes-3d-dans-les-ecoles-avec-un-apercu-du-programme-scolaire-21\/#local-main-organization-logo"},"sameAs":["https:\/\/www.facebook.com\/3d-educh-210277586064960\/","https:\/\/x.com\/3d_edu_ch"],"address":{"@id":"https:\/\/3d-edu.ch\/fr\/les-imprimantes-3d-dans-les-ecoles-avec-un-apercu-du-programme-scolaire-21\/#local-main-place-address"},"geo":{"@type":"GeoCoordinates","latitude":"47.38413","longitude":"8.49812"},"telephone":["+41 44 492 11 22"],"openingHoursSpecification":[{"@type":"OpeningHoursSpecification","dayOfWeek":["Monday","Tuesday","Wednesday","Thursday","Friday"],"opens":"08:30","closes":"18:00"},{"@type":"OpeningHoursSpecification","dayOfWeek":["Saturday","Sunday"],"opens":"00:00","closes":"00:00"}],"email":"info@3d-edu.ch","faxNumber":"+41 44 492 11 23","vatID":"CHE-184.499.491 MWST","priceRange":"$$$","currenciesAccepted":"CHF"},{"@type":"Person","@id":"https:\/\/3d-edu.ch\/fr\/#\/schema\/person\/202618fd97564d5cc16f60ea829f84fb","name":"gygaxc"},{"@type":"PostalAddress","@id":"https:\/\/3d-edu.ch\/fr\/les-imprimantes-3d-dans-les-ecoles-avec-un-apercu-du-programme-scolaire-21\/#local-main-place-address","streetAddress":"3D-EDU GmbH, Badenerstrasse 556","addressLocality":"Z\u00fcrich","postalCode":"8048","addressRegion":"Z\u00fcrich","addressCountry":"CH"},{"@type":"ImageObject","inLanguage":"fr-FR","@id":"https:\/\/3d-edu.ch\/fr\/les-imprimantes-3d-dans-les-ecoles-avec-un-apercu-du-programme-scolaire-21\/#local-main-organization-logo","url":"https:\/\/3d-edu.ch\/wp-content\/uploads\/2018\/10\/3d-drucker-makerbot-formlabs-professionelle-3d-drucker-e1546527990490.png","contentUrl":"https:\/\/3d-edu.ch\/wp-content\/uploads\/2018\/10\/3d-drucker-makerbot-formlabs-professionelle-3d-drucker-e1546527990490.png","width":275,"height":80,"caption":"3D-EDU GmbH"}]},"geo.placename":"Z\u00fcrich","geo.position":{"lat":"47.38413","long":"8.49812"},"geo.region":"Suisse"},"_links":{"self":[{"href":"https:\/\/3d-edu.ch\/fr\/wp-json\/wp\/v2\/posts\/76000","targetHints":{"allow":["GET"]}}],"collection":[{"href":"https:\/\/3d-edu.ch\/fr\/wp-json\/wp\/v2\/posts"}],"about":[{"href":"https:\/\/3d-edu.ch\/fr\/wp-json\/wp\/v2\/types\/post"}],"author":[{"embeddable":true,"href":"https:\/\/3d-edu.ch\/fr\/wp-json\/wp\/v2\/users\/1"}],"replies":[{"embeddable":true,"href":"https:\/\/3d-edu.ch\/fr\/wp-json\/wp\/v2\/comments?post=76000"}],"version-history":[{"count":1,"href":"https:\/\/3d-edu.ch\/fr\/wp-json\/wp\/v2\/posts\/76000\/revisions"}],"predecessor-version":[{"id":76001,"href":"https:\/\/3d-edu.ch\/fr\/wp-json\/wp\/v2\/posts\/76000\/revisions\/76001"}],"wp:featuredmedia":[{"embeddable":true,"href":"https:\/\/3d-edu.ch\/fr\/wp-json\/wp\/v2\/media\/57815"}],"wp:attachment":[{"href":"https:\/\/3d-edu.ch\/fr\/wp-json\/wp\/v2\/media?parent=76000"}],"wp:term":[{"taxonomy":"category","embeddable":true,"href":"https:\/\/3d-edu.ch\/fr\/wp-json\/wp\/v2\/categories?post=76000"},{"taxonomy":"post_tag","embeddable":true,"href":"https:\/\/3d-edu.ch\/fr\/wp-json\/wp\/v2\/tags?post=76000"}],"curies":[{"name":"wp","href":"https:\/\/api.w.org\/{rel}","templated":true}]}}