{"id":75793,"date":"2021-10-18T16:06:33","date_gmt":"2021-10-18T14:06:33","guid":{"rendered":"https:\/\/3d-edu.ch\/amx-2021-retrospective-et-anticipation\/"},"modified":"2026-03-09T14:02:49","modified_gmt":"2026-03-09T13:02:49","slug":"amx-2021-retrospective-et-anticipation","status":"publish","type":"post","link":"https:\/\/3d-edu.ch\/fr\/amx-2021-retrospective-et-anticipation\/","title":{"rendered":"AMX 2021 - R\u00e9trospective et anticipation"},"content":{"rendered":"\n<p>De Les 13, 14 et 15 septembre 2021, nous avons particip\u00e9 \u00e0 <a href=\"https:\/\/www.visit.am-expo.ch\/de\" target=\"_blank\" rel=\"noopener\">AM-Expo 2021<\/a> \u00e0 Lucerne. Apr\u00e8s une pause d&rsquo;environ deux ans, nous avons pu, pour la premi\u00e8re fois, \u00e9changer des informations sur nos nouveaux produits et solutions avec des professionnels, des clients et des personnes int\u00e9ress\u00e9es lors d&rsquo;un salon. Malgr\u00e9 les mesures Corona en vigueur, les visiteurs ont \u00e9t\u00e9 relativement nombreux \u00e0 se rendre \u00e0 l&rsquo;AMX 2021, m\u00eame s&rsquo;ils n&rsquo;\u00e9taient pas aussi nombreux que les ann\u00e9es pr\u00e9c\u00e9dentes. Nous avons n\u00e9anmoins appr\u00e9ci\u00e9 cet espace d&rsquo;\u00e9change personnel et avons \u00e9t\u00e9 ravis de pouvoir entretenir notre r\u00e9seau de contacts directs.    <\/p>\n\n<div class=\"slider-wrapper relative\" id=\"slider-531933766\" >\n    <div class=\"slider slider-nav-dots-dashes-spaced slider-nav-simple slider-nav-large slider-nav-light slider-style-normal\"\n        data-flickity-options='{\n            \"cellAlign\": \"center\",\n            \"imagesLoaded\": true,\n            \"lazyLoad\": 1,\n            \"freeScroll\": false,\n            \"wrapAround\": true,\n            \"autoPlay\": 6000,\n            \"pauseAutoPlayOnHover\" : true,\n            \"prevNextButtons\": true,\n            \"contain\" : true,\n            \"adaptiveHeight\" : true,\n            \"dragThreshold\" : 10,\n            \"percentPosition\": true,\n            \"pageDots\": true,\n            \"rightToLeft\": false,\n            \"draggable\": true,\n            \"selectedAttraction\": 0.1,\n            \"parallax\" : 0,\n            \"friction\": 0.6        }'\n        >\n        \n\n\t<div class=\"img has-hover x md-x lg-x y md-y lg-y\" id=\"image_1004286547\">\n\t\t\t\t\t\t\t\t<div class=\"img-inner dark\" >\n\t\t\t<img loading=\"lazy\" decoding=\"async\" width=\"720\" height=\"380\" src=\"https:\/\/3d-edu.ch\/wp-content\/smush-avif\/2021\/10\/AMX-2021-3D-EDU-GmbH.jpg.avif\" class=\"attachment-large size-large\" alt=\"AMX 2021 3D-EDU GmbH\" srcset=\"https:\/\/3d-edu.ch\/wp-content\/smush-avif\/2021\/10\/AMX-2021-3D-EDU-GmbH.jpg.avif 720w, https:\/\/3d-edu.ch\/wp-content\/smush-avif\/2021\/10\/AMX-2021-3D-EDU-GmbH-240x127.jpg.avif 240w, https:\/\/3d-edu.ch\/wp-content\/smush-avif\/2021\/10\/AMX-2021-3D-EDU-GmbH-57x30.jpg.avif 57w, https:\/\/3d-edu.ch\/wp-content\/smush-avif\/2021\/10\/AMX-2021-3D-EDU-GmbH-380x201.jpg.avif 380w\" sizes=\"auto, (max-width: 720px) 100vw, 720px\" \/>\t\t\t\t\t\t\n\t\t\t\t\t<\/div>\n\t\t\t\t\t\t\t\t\n<style>\n#image_1004286547 {\n  width: 100%;\n}\n<\/style>\n\t<\/div>\n\t\n\n\t<div class=\"img has-hover x md-x lg-x y md-y lg-y\" id=\"image_162947572\">\n\t\t\t\t\t\t\t\t<div class=\"img-inner dark\" >\n\t\t\t<img loading=\"lazy\" decoding=\"async\" width=\"720\" height=\"380\" src=\"https:\/\/3d-edu.ch\/wp-content\/smush-avif\/2021\/10\/amx-2021-formlabs-fuse-1.jpg.avif\" class=\"attachment-large size-large\" alt=\"AMX 2021 Formlabs Fuse 1\" srcset=\"https:\/\/3d-edu.ch\/wp-content\/smush-avif\/2021\/10\/amx-2021-formlabs-fuse-1.jpg.avif 720w, https:\/\/3d-edu.ch\/wp-content\/smush-avif\/2021\/10\/amx-2021-formlabs-fuse-1-240x127.jpg.avif 240w, https:\/\/3d-edu.ch\/wp-content\/smush-avif\/2021\/10\/amx-2021-formlabs-fuse-1-57x30.jpg.avif 57w, https:\/\/3d-edu.ch\/wp-content\/smush-avif\/2021\/10\/amx-2021-formlabs-fuse-1-380x201.jpg.avif 380w\" sizes=\"auto, (max-width: 720px) 100vw, 720px\" \/>\t\t\t\t\t\t\n\t\t\t\t\t<\/div>\n\t\t\t\t\t\t\t\t\n<style>\n#image_162947572 {\n  width: 100%;\n}\n<\/style>\n\t<\/div>\n\t\n\n\t<div class=\"img has-hover x md-x lg-x y md-y lg-y\" id=\"image_327700242\">\n\t\t\t\t\t\t\t\t<div class=\"img-inner dark\" >\n\t\t\t<img loading=\"lazy\" decoding=\"async\" width=\"720\" height=\"380\" src=\"https:\/\/3d-edu.ch\/wp-content\/smush-avif\/2021\/10\/MakerBot-Messe-Luzern-AMX.jpg.avif\" class=\"attachment-large size-large\" alt=\"MakerBot Salon de Lucerne AMX\" srcset=\"https:\/\/3d-edu.ch\/wp-content\/smush-avif\/2021\/10\/MakerBot-Messe-Luzern-AMX.jpg.avif 720w, https:\/\/3d-edu.ch\/wp-content\/smush-avif\/2021\/10\/MakerBot-Messe-Luzern-AMX-240x127.jpg.avif 240w, https:\/\/3d-edu.ch\/wp-content\/smush-avif\/2021\/10\/MakerBot-Messe-Luzern-AMX-57x30.jpg.avif 57w, https:\/\/3d-edu.ch\/wp-content\/smush-avif\/2021\/10\/MakerBot-Messe-Luzern-AMX-380x201.jpg.avif 380w\" sizes=\"auto, (max-width: 720px) 100vw, 720px\" \/>\t\t\t\t\t\t\n\t\t\t\t\t<\/div>\n\t\t\t\t\t\t\t\t\n<style>\n#image_327700242 {\n  width: 100%;\n}\n<\/style>\n\t<\/div>\n\t\n\n\t<div class=\"img has-hover x md-x lg-x y md-y lg-y\" id=\"image_846144441\">\n\t\t\t\t\t\t\t\t<div class=\"img-inner dark\" >\n\t\t\t<img loading=\"lazy\" decoding=\"async\" width=\"720\" height=\"380\" src=\"https:\/\/3d-edu.ch\/wp-content\/smush-avif\/2021\/10\/am-expo-2021-3d-edu-gmbh.jpg.avif\" class=\"attachment-large size-large\" alt=\"AM-Expo 2021 : 3D-EDU GmbH\" srcset=\"https:\/\/3d-edu.ch\/wp-content\/smush-avif\/2021\/10\/am-expo-2021-3d-edu-gmbh.jpg.avif 720w, https:\/\/3d-edu.ch\/wp-content\/smush-avif\/2021\/10\/am-expo-2021-3d-edu-gmbh-240x127.jpg.avif 240w, https:\/\/3d-edu.ch\/wp-content\/smush-avif\/2021\/10\/am-expo-2021-3d-edu-gmbh-57x30.jpg.avif 57w, https:\/\/3d-edu.ch\/wp-content\/smush-avif\/2021\/10\/am-expo-2021-3d-edu-gmbh-380x201.jpg.avif 380w\" sizes=\"auto, (max-width: 720px) 100vw, 720px\" \/>\t\t\t\t\t\t\n\t\t\t\t\t<\/div>\n\t\t\t\t\t\t\t\t\n<style>\n#image_846144441 {\n  width: 100%;\n}\n<\/style>\n\t<\/div>\n\t\n\n\n     <\/div>\n\n     <div class=\"loading-spin dark large centered\"><\/div>\n\n\t\n<style>\n#slider-531933766 {\n  margin-bottom: 30px;\n}\n<\/style>\n<\/div>\n\n\n<h2>AM Expo et Swiss Medtech Expo ensemble<\/h2>\n<p>Pour la premi\u00e8re fois, ces deux salons ont \u00e9t\u00e9 organis\u00e9s ensemble, au m\u00eame endroit et au m\u00eame moment. De notre point de vue, c&rsquo;est un succ\u00e8s total. Nous avons pu attirer l&rsquo;attention sur nous avant le salon avec <a href=\"https:\/\/www.additively.com\/de\/c\/3d-modelle-fuer-vaskulaere-neurochirurgische-operationen-3d-edu-gmbh\" target=\"_blank\" rel=\"noopener\">notre showcase<\/a> et pendant le salon avec de nombreux exemples de la m\u00e9decine et de la technique m\u00e9dicale. Comme les deux salons se d\u00e9roulaient en m\u00eame temps, il \u00e9tait ensuite facile d&rsquo;entrer en contact direct avec les personnes int\u00e9ress\u00e9es. Nous consid\u00e9rons qu&rsquo;il s&rsquo;agit d&rsquo;une \u00e9volution positive de la part de Messe Luzern de ne pas se contenter de donner un th\u00e8me central \u00e0 l&rsquo;AMX, mais de le compl\u00e9ter, le cas \u00e9ch\u00e9ant, par un salon organis\u00e9 en parall\u00e8le.    <\/p>\n<h2>Formlabs sur le stand et en tant qu&rsquo;invit\u00e9<\/h2>\n<p>En plus de la <a href=\"\/makerbot\/makerbot-3d-drucker\/makerbot-method-carbon-fiber-edition\/\">MakerBot METHOD Carbon Fiber<\/a>, nous avons pr\u00e9sent\u00e9 sur notre stand toute la gamme de produits Formlabs : les <a href=\"https:\/\/3d-edu.ch\/fr\/formlabs\/imprimante-3d-formlabs\/\">imprimantes 3D SLA<\/a> Form <a href=\"https:\/\/3d-edu.ch\/fr\/formlabs\/imprimante-3d-formlabs\/forme-3\/\">3<\/a>, <a href=\"https:\/\/3d-edu.ch\/fr\/formlabs\/imprimante-3d-formlabs\/forme-3l\/\">Form 3L<\/a> et l&rsquo;imprimante 3D SLS <a href=\"https:\/\/3d-edu.ch\/fr\/formlabs\/imprimante-3d-formlabs\/fuse-1\/\">Formlabs Fuse 1<\/a>, qui ont attir\u00e9 beaucoup d&rsquo;attention et de visiteurs sur notre stand. De nombreuses personnes int\u00e9ress\u00e9es \u00e9taient heureuses de voir et d&rsquo;exp\u00e9rimenter les machines en r\u00e9alit\u00e9. Les clients et les prospects n&rsquo;ont pas \u00e9t\u00e9 les seuls \u00e0 se r\u00e9jouir, Formlabs lui-m\u00eame nous a rendu visite sur le salon. Nous \u00e9tions \u00e9galement heureux de pouvoir parler \u00e0 nos interlocuteurs de Formlabs en personne sur le stand et autour d&rsquo;une table apr\u00e8s une tr\u00e8s longue p\u00e9riode - et pas seulement par t\u00e9l\u00e9phone ou par \u00e9cran comme ces derniers 24 mois.    <\/p>\n\n\t<div class=\"img has-hover x md-x lg-x y md-y lg-y\" id=\"image_433716674\">\n\t\t\t\t\t\t\t\t<div class=\"img-inner dark\" style=\"margin:0px 0px 30px 0px;\">\n\t\t\t<img loading=\"lazy\" decoding=\"async\" width=\"720\" height=\"380\" src=\"https:\/\/3d-edu.ch\/wp-content\/smush-avif\/2021\/10\/Formlabs-Messe-Luzern-AMX-2021.jpg.avif\" class=\"attachment-large size-large\" alt=\"Formlabs Salon de Lucerne AMX 2021\" srcset=\"https:\/\/3d-edu.ch\/wp-content\/smush-avif\/2021\/10\/Formlabs-Messe-Luzern-AMX-2021.jpg.avif 720w, https:\/\/3d-edu.ch\/wp-content\/smush-avif\/2021\/10\/Formlabs-Messe-Luzern-AMX-2021-240x127.jpg.avif 240w, https:\/\/3d-edu.ch\/wp-content\/smush-avif\/2021\/10\/Formlabs-Messe-Luzern-AMX-2021-57x30.jpg.avif 57w, https:\/\/3d-edu.ch\/wp-content\/smush-avif\/2021\/10\/Formlabs-Messe-Luzern-AMX-2021-380x201.jpg.avif 380w\" sizes=\"auto, (max-width: 720px) 100vw, 720px\" \/>\t\t\t\t\t\t\n\t\t\t\t\t<\/div>\n\t\t\t\t\t\t\t\t\n<style>\n#image_433716674 {\n  width: 100%;\n}\n<\/style>\n\t<\/div>\n\t\n\n<h2>Vous avez manqu\u00e9 le salon ? Pas de probl\u00e8me <\/h2>\n<p>Vous avez manqu\u00e9 AMX 2021, vous avez eu un emp\u00eachement ou vous n&rsquo;aviez tout simplement pas envie d&rsquo;aller au salon \u00e0 ce moment-l\u00e0 ? Pas de probl\u00e8me : nous serons heureux de vous montrer toute notre gamme de produits dans <a href=\"https:\/\/3d-edu.ch\/fr\/salle-dexposition-dimprimantes-3d\/\">notre showroom \u00e0 Zurich<\/a>. <\/p>\n<p>Et nous avons parl\u00e9 des coulisses : Il est pr\u00e9vu que notre salle d&rsquo;exposition brille d&rsquo;un nouvel \u00e9clat avant No\u00ebl.<\/p>\n<p>Vous pouvez \u00e9galement recevoir plus d&rsquo;informations sur 3D-EDU GmbH via notre newsletter.<\/p>\n\n<a href=\"https:\/\/3d-edu.ch\/fr\/contact\/\" class=\"button primary\" >\n\t\t<span>Prendre contact<\/span>\n\t<\/a>\n\n\n<a href=\"https:\/\/3d-edu.ch\/fr\/services\/bulletin-dinformation\/\" class=\"button primary\" >\n\t\t<span>S&#039;abonner \u00e0 la newsletter<\/span>\n\t<\/a>\n\n","protected":false},"excerpt":{"rendered":"<p>De Les 13, 14 et 15 septembre 2021, nous avons particip\u00e9 \u00e0 AM-Expo 2021 \u00e0 Lucerne. Apr\u00e8s une pause d&rsquo;environ deux ans, nous avons pu, pour la premi\u00e8re fois, \u00e9changer des informations sur nos nouveaux produits et solutions avec des professionnels, des clients et des personnes int\u00e9ress\u00e9es lors d&rsquo;un salon.  <\/p>\n","protected":false},"author":1,"featured_media":64669,"comment_status":"closed","ping_status":"closed","sticky":false,"template":"","format":"standard","meta":{"footnotes":""},"categories":[],"tags":[],"class_list":["post-75793","post","type-post","status-publish","format-standard","has-post-thumbnail","hentry"],"yoast_head":"<!-- This site is optimized with the Yoast SEO Premium plugin v27.4 (Yoast SEO v27.4) - https:\/\/yoast.com\/product\/yoast-seo-premium-wordpress\/ -->\n<title>AMX 2021 - R\u00e9trospective et anticipation - 3D-EDU<\/title>\n<meta name=\"robots\" content=\"index, follow, max-snippet:-1, max-image-preview:large, max-video-preview:-1\" \/>\n<link rel=\"canonical\" href=\"https:\/\/3d-edu.ch\/fr\/amx-2021-retrospective-et-anticipation\/\" \/>\n<meta property=\"og:locale\" content=\"fr_FR\" \/>\n<meta property=\"og:type\" content=\"article\" \/>\n<meta property=\"og:title\" content=\"AMX 2021 - R\u00e9trospective et anticipation\" \/>\n<meta property=\"og:description\" content=\"De Les 13, 14 et 15 septembre 2021, nous avons particip\u00e9 \u00e0 AM-Expo 2021 \u00e0 Lucerne. Apr\u00e8s une pause d&#039;environ deux ans, nous avons pu, pour la premi\u00e8re fois, \u00e9changer des informations sur nos nouveaux produits et solutions avec des professionnels, des clients et des personnes int\u00e9ress\u00e9es lors d&#039;un salon.\" \/>\n<meta property=\"og:url\" content=\"https:\/\/3d-edu.ch\/fr\/amx-2021-retrospective-et-anticipation\/\" \/>\n<meta property=\"og:site_name\" content=\"3D-EDU GmbH\" \/>\n<meta property=\"article:publisher\" content=\"https:\/\/www.facebook.com\/3d-educh-210277586064960\/\" \/>\n<meta property=\"article:published_time\" content=\"2021-10-18T14:06:33+00:00\" \/>\n<meta property=\"article:modified_time\" content=\"2026-03-09T13:02:49+00:00\" \/>\n<meta property=\"og:image\" content=\"https:\/\/3d-edu.ch\/wp-content\/uploads\/2021\/10\/am-expo-2021-3d-edu-gmbh.jpg\" \/>\n\t<meta property=\"og:image:width\" content=\"720\" \/>\n\t<meta property=\"og:image:height\" content=\"380\" \/>\n\t<meta property=\"og:image:type\" content=\"image\/jpeg\" \/>\n<meta name=\"author\" content=\"gygaxc\" \/>\n<meta name=\"twitter:card\" content=\"summary_large_image\" \/>\n<meta name=\"twitter:creator\" content=\"@3d_edu_ch\" \/>\n<meta name=\"twitter:site\" content=\"@3d_edu_ch\" \/>\n<meta name=\"twitter:label1\" content=\"\u00c9crit par\" \/>\n\t<meta name=\"twitter:data1\" content=\"gygaxc\" \/>\n\t<meta name=\"twitter:label2\" content=\"Dur\u00e9e de lecture estim\u00e9e\" \/>\n\t<meta name=\"twitter:data2\" content=\"3 minute\" \/>\n<script type=\"application\/ld+json\" class=\"yoast-schema-graph\">{\"@context\":\"https:\\\/\\\/schema.org\",\"@graph\":[{\"@type\":\"Article\",\"@id\":\"https:\\\/\\\/3d-edu.ch\\\/fr\\\/amx-2021-retrospective-et-anticipation\\\/#article\",\"isPartOf\":{\"@id\":\"https:\\\/\\\/3d-edu.ch\\\/fr\\\/amx-2021-retrospective-et-anticipation\\\/\"},\"author\":{\"name\":\"gygaxc\",\"@id\":\"https:\\\/\\\/3d-edu.ch\\\/fr\\\/#\\\/schema\\\/person\\\/202618fd97564d5cc16f60ea829f84fb\"},\"headline\":\"AMX 2021 - R\u00e9trospective et anticipation\",\"datePublished\":\"2021-10-18T14:06:33+00:00\",\"dateModified\":\"2026-03-09T13:02:49+00:00\",\"mainEntityOfPage\":{\"@id\":\"https:\\\/\\\/3d-edu.ch\\\/fr\\\/amx-2021-retrospective-et-anticipation\\\/\"},\"wordCount\":541,\"publisher\":{\"@id\":\"https:\\\/\\\/3d-edu.ch\\\/fr\\\/#organization\"},\"image\":{\"@id\":\"https:\\\/\\\/3d-edu.ch\\\/fr\\\/amx-2021-retrospective-et-anticipation\\\/#primaryimage\"},\"thumbnailUrl\":\"https:\\\/\\\/3d-edu.ch\\\/wp-content\\\/uploads\\\/2021\\\/10\\\/am-expo-2021-3d-edu-gmbh.jpg\",\"inLanguage\":\"fr-FR\",\"copyrightYear\":\"2021\",\"copyrightHolder\":{\"@id\":\"https:\\\/\\\/3d-edu.ch\\\/#organization\"}},{\"@type\":\"WebPage\",\"@id\":\"https:\\\/\\\/3d-edu.ch\\\/fr\\\/amx-2021-retrospective-et-anticipation\\\/\",\"url\":\"https:\\\/\\\/3d-edu.ch\\\/fr\\\/amx-2021-retrospective-et-anticipation\\\/\",\"name\":\"AMX 2021 - R\u00e9trospective et anticipation - 3D-EDU\",\"isPartOf\":{\"@id\":\"https:\\\/\\\/3d-edu.ch\\\/fr\\\/#website\"},\"primaryImageOfPage\":{\"@id\":\"https:\\\/\\\/3d-edu.ch\\\/fr\\\/amx-2021-retrospective-et-anticipation\\\/#primaryimage\"},\"image\":{\"@id\":\"https:\\\/\\\/3d-edu.ch\\\/fr\\\/amx-2021-retrospective-et-anticipation\\\/#primaryimage\"},\"thumbnailUrl\":\"https:\\\/\\\/3d-edu.ch\\\/wp-content\\\/uploads\\\/2021\\\/10\\\/am-expo-2021-3d-edu-gmbh.jpg\",\"datePublished\":\"2021-10-18T14:06:33+00:00\",\"dateModified\":\"2026-03-09T13:02:49+00:00\",\"breadcrumb\":{\"@id\":\"https:\\\/\\\/3d-edu.ch\\\/fr\\\/amx-2021-retrospective-et-anticipation\\\/#breadcrumb\"},\"inLanguage\":\"fr-FR\",\"potentialAction\":[{\"@type\":\"ReadAction\",\"target\":[\"https:\\\/\\\/3d-edu.ch\\\/fr\\\/amx-2021-retrospective-et-anticipation\\\/\"]}]},{\"@type\":\"ImageObject\",\"inLanguage\":\"fr-FR\",\"@id\":\"https:\\\/\\\/3d-edu.ch\\\/fr\\\/amx-2021-retrospective-et-anticipation\\\/#primaryimage\",\"url\":\"https:\\\/\\\/3d-edu.ch\\\/wp-content\\\/uploads\\\/2021\\\/10\\\/am-expo-2021-3d-edu-gmbh.jpg\",\"contentUrl\":\"https:\\\/\\\/3d-edu.ch\\\/wp-content\\\/uploads\\\/2021\\\/10\\\/am-expo-2021-3d-edu-gmbh.jpg\",\"width\":720,\"height\":380,\"caption\":\"AM-Expo 2021 : 3D-EDU GmbH\"},{\"@type\":\"BreadcrumbList\",\"@id\":\"https:\\\/\\\/3d-edu.ch\\\/fr\\\/amx-2021-retrospective-et-anticipation\\\/#breadcrumb\",\"itemListElement\":[{\"@type\":\"ListItem\",\"position\":1,\"name\":\"Accueil\",\"item\":\"https:\\\/\\\/3d-edu.ch\\\/fr\\\/\"},{\"@type\":\"ListItem\",\"position\":2,\"name\":\"AMX 2021 - R\u00e9trospective et anticipation\"}]},{\"@type\":\"WebSite\",\"@id\":\"https:\\\/\\\/3d-edu.ch\\\/fr\\\/#website\",\"url\":\"https:\\\/\\\/3d-edu.ch\\\/fr\\\/\",\"name\":\"3D-EDU GmbH\",\"description\":\"Your Formlabs, UltiMaker and Raise3D Printer Support and Education Site in Switzerland. \\\/\\\/ Ihre Formlabs, UltiMaker and Raise3D Drucker Support und Bildungs Webseite der Schweiz.\",\"publisher\":{\"@id\":\"https:\\\/\\\/3d-edu.ch\\\/fr\\\/#organization\"},\"potentialAction\":[{\"@type\":\"SearchAction\",\"target\":{\"@type\":\"EntryPoint\",\"urlTemplate\":\"https:\\\/\\\/3d-edu.ch\\\/fr\\\/?s={search_term_string}\"},\"query-input\":{\"@type\":\"PropertyValueSpecification\",\"valueRequired\":true,\"valueName\":\"search_term_string\"}}],\"inLanguage\":\"fr-FR\"},{\"@type\":[\"Organization\",\"Place\",\"ElectronicsStore\"],\"@id\":\"https:\\\/\\\/3d-edu.ch\\\/fr\\\/#organization\",\"name\":\"3D-EDU GmbH\",\"url\":\"https:\\\/\\\/3d-edu.ch\\\/fr\\\/\",\"logo\":{\"@id\":\"https:\\\/\\\/3d-edu.ch\\\/fr\\\/amx-2021-retrospective-et-anticipation\\\/#local-main-organization-logo\"},\"image\":{\"@id\":\"https:\\\/\\\/3d-edu.ch\\\/fr\\\/amx-2021-retrospective-et-anticipation\\\/#local-main-organization-logo\"},\"sameAs\":[\"https:\\\/\\\/www.facebook.com\\\/3d-educh-210277586064960\\\/\",\"https:\\\/\\\/x.com\\\/3d_edu_ch\"],\"address\":{\"@id\":\"https:\\\/\\\/3d-edu.ch\\\/fr\\\/amx-2021-retrospective-et-anticipation\\\/#local-main-place-address\"},\"geo\":{\"@type\":\"GeoCoordinates\",\"latitude\":\"47.38413\",\"longitude\":\"8.49812\"},\"telephone\":[\"+41 44 492 11 22\"],\"openingHoursSpecification\":[{\"@type\":\"OpeningHoursSpecification\",\"dayOfWeek\":[\"Monday\",\"Tuesday\",\"Wednesday\",\"Thursday\",\"Friday\"],\"opens\":\"08:30\",\"closes\":\"18:00\"},{\"@type\":\"OpeningHoursSpecification\",\"dayOfWeek\":[\"Saturday\",\"Sunday\"],\"opens\":\"00:00\",\"closes\":\"00:00\"}],\"email\":\"info@3d-edu.ch\",\"faxNumber\":\"+41 44 492 11 23\",\"vatID\":\"CHE-184.499.491 MWST\",\"priceRange\":\"$$$\",\"currenciesAccepted\":\"CHF\"},{\"@type\":\"Person\",\"@id\":\"https:\\\/\\\/3d-edu.ch\\\/fr\\\/#\\\/schema\\\/person\\\/202618fd97564d5cc16f60ea829f84fb\",\"name\":\"gygaxc\"},{\"@type\":\"PostalAddress\",\"@id\":\"https:\\\/\\\/3d-edu.ch\\\/fr\\\/amx-2021-retrospective-et-anticipation\\\/#local-main-place-address\",\"streetAddress\":\"3D-EDU GmbH, Badenerstrasse 556\",\"addressLocality\":\"Z\u00fcrich\",\"postalCode\":\"8048\",\"addressRegion\":\"Z\u00fcrich\",\"addressCountry\":\"CH\"},{\"@type\":\"ImageObject\",\"inLanguage\":\"fr-FR\",\"@id\":\"https:\\\/\\\/3d-edu.ch\\\/fr\\\/amx-2021-retrospective-et-anticipation\\\/#local-main-organization-logo\",\"url\":\"https:\\\/\\\/3d-edu.ch\\\/wp-content\\\/uploads\\\/2018\\\/10\\\/3d-drucker-makerbot-formlabs-professionelle-3d-drucker-e1546527990490.png\",\"contentUrl\":\"https:\\\/\\\/3d-edu.ch\\\/wp-content\\\/uploads\\\/2018\\\/10\\\/3d-drucker-makerbot-formlabs-professionelle-3d-drucker-e1546527990490.png\",\"width\":275,\"height\":80,\"caption\":\"3D-EDU GmbH\"}]}<\/script>\n<meta name=\"geo.placename\" content=\"Z\u00fcrich\" \/>\n<meta name=\"geo.position\" content=\"47.38413;8.49812\" \/>\n<meta name=\"geo.region\" content=\"Suisse\" \/>\n<!-- \/ Yoast SEO Premium plugin. -->","yoast_head_json":{"title":"AMX 2021 - R\u00e9trospective et anticipation - 3D-EDU","robots":{"index":"index","follow":"follow","max-snippet":"max-snippet:-1","max-image-preview":"max-image-preview:large","max-video-preview":"max-video-preview:-1"},"canonical":"https:\/\/3d-edu.ch\/fr\/amx-2021-retrospective-et-anticipation\/","og_locale":"fr_FR","og_type":"article","og_title":"AMX 2021 - R\u00e9trospective et anticipation","og_description":"De Les 13, 14 et 15 septembre 2021, nous avons particip\u00e9 \u00e0 AM-Expo 2021 \u00e0 Lucerne. Apr\u00e8s une pause d'environ deux ans, nous avons pu, pour la premi\u00e8re fois, \u00e9changer des informations sur nos nouveaux produits et solutions avec des professionnels, des clients et des personnes int\u00e9ress\u00e9es lors d'un salon.","og_url":"https:\/\/3d-edu.ch\/fr\/amx-2021-retrospective-et-anticipation\/","og_site_name":"3D-EDU GmbH","article_publisher":"https:\/\/www.facebook.com\/3d-educh-210277586064960\/","article_published_time":"2021-10-18T14:06:33+00:00","article_modified_time":"2026-03-09T13:02:49+00:00","og_image":[{"width":720,"height":380,"url":"https:\/\/3d-edu.ch\/wp-content\/uploads\/2021\/10\/am-expo-2021-3d-edu-gmbh.jpg","type":"image\/jpeg"}],"author":"gygaxc","twitter_card":"summary_large_image","twitter_creator":"@3d_edu_ch","twitter_site":"@3d_edu_ch","twitter_misc":{"\u00c9crit par":"gygaxc","Dur\u00e9e de lecture estim\u00e9e":"3 minute"},"schema":{"@context":"https:\/\/schema.org","@graph":[{"@type":"Article","@id":"https:\/\/3d-edu.ch\/fr\/amx-2021-retrospective-et-anticipation\/#article","isPartOf":{"@id":"https:\/\/3d-edu.ch\/fr\/amx-2021-retrospective-et-anticipation\/"},"author":{"name":"gygaxc","@id":"https:\/\/3d-edu.ch\/fr\/#\/schema\/person\/202618fd97564d5cc16f60ea829f84fb"},"headline":"AMX 2021 - R\u00e9trospective et anticipation","datePublished":"2021-10-18T14:06:33+00:00","dateModified":"2026-03-09T13:02:49+00:00","mainEntityOfPage":{"@id":"https:\/\/3d-edu.ch\/fr\/amx-2021-retrospective-et-anticipation\/"},"wordCount":541,"publisher":{"@id":"https:\/\/3d-edu.ch\/fr\/#organization"},"image":{"@id":"https:\/\/3d-edu.ch\/fr\/amx-2021-retrospective-et-anticipation\/#primaryimage"},"thumbnailUrl":"https:\/\/3d-edu.ch\/wp-content\/uploads\/2021\/10\/am-expo-2021-3d-edu-gmbh.jpg","inLanguage":"fr-FR","copyrightYear":"2021","copyrightHolder":{"@id":"https:\/\/3d-edu.ch\/#organization"}},{"@type":"WebPage","@id":"https:\/\/3d-edu.ch\/fr\/amx-2021-retrospective-et-anticipation\/","url":"https:\/\/3d-edu.ch\/fr\/amx-2021-retrospective-et-anticipation\/","name":"AMX 2021 - R\u00e9trospective et anticipation - 3D-EDU","isPartOf":{"@id":"https:\/\/3d-edu.ch\/fr\/#website"},"primaryImageOfPage":{"@id":"https:\/\/3d-edu.ch\/fr\/amx-2021-retrospective-et-anticipation\/#primaryimage"},"image":{"@id":"https:\/\/3d-edu.ch\/fr\/amx-2021-retrospective-et-anticipation\/#primaryimage"},"thumbnailUrl":"https:\/\/3d-edu.ch\/wp-content\/uploads\/2021\/10\/am-expo-2021-3d-edu-gmbh.jpg","datePublished":"2021-10-18T14:06:33+00:00","dateModified":"2026-03-09T13:02:49+00:00","breadcrumb":{"@id":"https:\/\/3d-edu.ch\/fr\/amx-2021-retrospective-et-anticipation\/#breadcrumb"},"inLanguage":"fr-FR","potentialAction":[{"@type":"ReadAction","target":["https:\/\/3d-edu.ch\/fr\/amx-2021-retrospective-et-anticipation\/"]}]},{"@type":"ImageObject","inLanguage":"fr-FR","@id":"https:\/\/3d-edu.ch\/fr\/amx-2021-retrospective-et-anticipation\/#primaryimage","url":"https:\/\/3d-edu.ch\/wp-content\/uploads\/2021\/10\/am-expo-2021-3d-edu-gmbh.jpg","contentUrl":"https:\/\/3d-edu.ch\/wp-content\/uploads\/2021\/10\/am-expo-2021-3d-edu-gmbh.jpg","width":720,"height":380,"caption":"AM-Expo 2021 : 3D-EDU GmbH"},{"@type":"BreadcrumbList","@id":"https:\/\/3d-edu.ch\/fr\/amx-2021-retrospective-et-anticipation\/#breadcrumb","itemListElement":[{"@type":"ListItem","position":1,"name":"Accueil","item":"https:\/\/3d-edu.ch\/fr\/"},{"@type":"ListItem","position":2,"name":"AMX 2021 - R\u00e9trospective et anticipation"}]},{"@type":"WebSite","@id":"https:\/\/3d-edu.ch\/fr\/#website","url":"https:\/\/3d-edu.ch\/fr\/","name":"3D-EDU GmbH","description":"Your Formlabs, UltiMaker and Raise3D Printer Support and Education Site in Switzerland. \/\/ Ihre Formlabs, UltiMaker and Raise3D Drucker Support und Bildungs Webseite der Schweiz.","publisher":{"@id":"https:\/\/3d-edu.ch\/fr\/#organization"},"potentialAction":[{"@type":"SearchAction","target":{"@type":"EntryPoint","urlTemplate":"https:\/\/3d-edu.ch\/fr\/?s={search_term_string}"},"query-input":{"@type":"PropertyValueSpecification","valueRequired":true,"valueName":"search_term_string"}}],"inLanguage":"fr-FR"},{"@type":["Organization","Place","ElectronicsStore"],"@id":"https:\/\/3d-edu.ch\/fr\/#organization","name":"3D-EDU GmbH","url":"https:\/\/3d-edu.ch\/fr\/","logo":{"@id":"https:\/\/3d-edu.ch\/fr\/amx-2021-retrospective-et-anticipation\/#local-main-organization-logo"},"image":{"@id":"https:\/\/3d-edu.ch\/fr\/amx-2021-retrospective-et-anticipation\/#local-main-organization-logo"},"sameAs":["https:\/\/www.facebook.com\/3d-educh-210277586064960\/","https:\/\/x.com\/3d_edu_ch"],"address":{"@id":"https:\/\/3d-edu.ch\/fr\/amx-2021-retrospective-et-anticipation\/#local-main-place-address"},"geo":{"@type":"GeoCoordinates","latitude":"47.38413","longitude":"8.49812"},"telephone":["+41 44 492 11 22"],"openingHoursSpecification":[{"@type":"OpeningHoursSpecification","dayOfWeek":["Monday","Tuesday","Wednesday","Thursday","Friday"],"opens":"08:30","closes":"18:00"},{"@type":"OpeningHoursSpecification","dayOfWeek":["Saturday","Sunday"],"opens":"00:00","closes":"00:00"}],"email":"info@3d-edu.ch","faxNumber":"+41 44 492 11 23","vatID":"CHE-184.499.491 MWST","priceRange":"$$$","currenciesAccepted":"CHF"},{"@type":"Person","@id":"https:\/\/3d-edu.ch\/fr\/#\/schema\/person\/202618fd97564d5cc16f60ea829f84fb","name":"gygaxc"},{"@type":"PostalAddress","@id":"https:\/\/3d-edu.ch\/fr\/amx-2021-retrospective-et-anticipation\/#local-main-place-address","streetAddress":"3D-EDU GmbH, Badenerstrasse 556","addressLocality":"Z\u00fcrich","postalCode":"8048","addressRegion":"Z\u00fcrich","addressCountry":"CH"},{"@type":"ImageObject","inLanguage":"fr-FR","@id":"https:\/\/3d-edu.ch\/fr\/amx-2021-retrospective-et-anticipation\/#local-main-organization-logo","url":"https:\/\/3d-edu.ch\/wp-content\/uploads\/2018\/10\/3d-drucker-makerbot-formlabs-professionelle-3d-drucker-e1546527990490.png","contentUrl":"https:\/\/3d-edu.ch\/wp-content\/uploads\/2018\/10\/3d-drucker-makerbot-formlabs-professionelle-3d-drucker-e1546527990490.png","width":275,"height":80,"caption":"3D-EDU GmbH"}]},"geo.placename":"Z\u00fcrich","geo.position":{"lat":"47.38413","long":"8.49812"},"geo.region":"Suisse"},"_links":{"self":[{"href":"https:\/\/3d-edu.ch\/fr\/wp-json\/wp\/v2\/posts\/75793","targetHints":{"allow":["GET"]}}],"collection":[{"href":"https:\/\/3d-edu.ch\/fr\/wp-json\/wp\/v2\/posts"}],"about":[{"href":"https:\/\/3d-edu.ch\/fr\/wp-json\/wp\/v2\/types\/post"}],"author":[{"embeddable":true,"href":"https:\/\/3d-edu.ch\/fr\/wp-json\/wp\/v2\/users\/1"}],"replies":[{"embeddable":true,"href":"https:\/\/3d-edu.ch\/fr\/wp-json\/wp\/v2\/comments?post=75793"}],"version-history":[{"count":2,"href":"https:\/\/3d-edu.ch\/fr\/wp-json\/wp\/v2\/posts\/75793\/revisions"}],"predecessor-version":[{"id":80948,"href":"https:\/\/3d-edu.ch\/fr\/wp-json\/wp\/v2\/posts\/75793\/revisions\/80948"}],"wp:featuredmedia":[{"embeddable":true,"href":"https:\/\/3d-edu.ch\/fr\/wp-json\/wp\/v2\/media\/64669"}],"wp:attachment":[{"href":"https:\/\/3d-edu.ch\/fr\/wp-json\/wp\/v2\/media?parent=75793"}],"wp:term":[{"taxonomy":"category","embeddable":true,"href":"https:\/\/3d-edu.ch\/fr\/wp-json\/wp\/v2\/categories?post=75793"},{"taxonomy":"post_tag","embeddable":true,"href":"https:\/\/3d-edu.ch\/fr\/wp-json\/wp\/v2\/tags?post=75793"}],"curies":[{"name":"wp","href":"https:\/\/api.w.org\/{rel}","templated":true}]}}