{"id":75722,"date":"2022-04-12T07:29:17","date_gmt":"2022-04-12T05:29:17","guid":{"rendered":"https:\/\/3d-edu.ch\/reouverture-du-showroom-journee-portes-ouvertes\/"},"modified":"2026-03-09T14:02:05","modified_gmt":"2026-03-09T13:02:05","slug":"reouverture-du-showroom-journee-portes-ouvertes","status":"publish","type":"post","link":"https:\/\/3d-edu.ch\/fr\/reouverture-du-showroom-journee-portes-ouvertes\/","title":{"rendered":"R\u00e9ouverture du showroom \/ Journ\u00e9e portes ouvertes"},"content":{"rendered":"\n<p>Le vendredi 29 avril 2022, nous ouvrirons nos portes \u00e0 tous nos clients* et \u00e0 toutes les personnes int\u00e9ress\u00e9es. Dans l&rsquo;esprit d&rsquo;une journ\u00e9e portes ouvertes, nous vous invitons \u00e0 la r\u00e9ouverture de notre showroom \u00e0 Zurich. <\/p>\n<p>Gr\u00e2ce \u00e0 vous en particulier, nous pouvons nous r\u00e9jouir d&rsquo;une ann\u00e9e 2021 r\u00e9ussie. L&rsquo;ann\u00e9e derni\u00e8re, nous avons pu \u00e9largir notre portefeuille avec plusieurs nouvelles machines et mat\u00e9riaux. Nous avons donc d\u00fb adapter notre salle d&rsquo;exposition, ce qui nous a permis de la r\u00e9am\u00e9nager enti\u00e8rement. Le r\u00e9am\u00e9nagement est maintenant termin\u00e9 et nous sommes heureux de vous pr\u00e9senter notre nouveau showroom dans le cadre d&rsquo;un petit \u00e9v\u00e9nement de r\u00e9ouverture.   <\/p>\n<p>Pour une fois, vous pouvez venir nous voir sans rendez-vous. Dans une ambiance d\u00e9contract\u00e9e - avec des amuse-bouches et des boissons - nous vous montrerons volontiers l&rsquo;ensemble du <a href=\"https:\/\/3d-edu.ch\/fr\/formlabs\/\" target=\"_blank\" rel=\"noopener\">portefeuille de Formlabs<\/a>, ainsi que l&rsquo;imprimante 3D <a href=\"https:\/\/3d-edu.ch\/makerbot\/makerbot-3d-drucker\/makerbot-method-carbon-fiber-edition\/\" target=\"_blank\" rel=\"noopener\">MakerBot Method X<\/a>. Vous pourrez \u00e9galement d\u00e9couvrir en toute tranquillit\u00e9 les diff\u00e9rents proc\u00e9d\u00e9s d&rsquo;impression 3D \u00e0 l&rsquo;aide de nombreux \u00e9chantillons.  <\/p>\n<p>Nous nous r\u00e9jouissons d&rsquo;accueillir des visages connus et d&rsquo;en rencontrer de nouveaux. Les personnes qui souhaitent s&rsquo;informer ou discuter de questions sp\u00e9cifiques en plus d&rsquo;un meet-and-greet convivial seront bienvenues : Le 29 avril, nous aurons \u00e9galement le soutien de Nils Bosh\u00fcsen et Raphael Rieffel de Formlabs. Ainsi, le Channel Sales Manager DACH et le Channel Manager Engineering DACH de Formlabs seront \u00e9galement pr\u00e9sents pour discuter avec vous de vos pr\u00e9occupations et de vos besoins.  <\/p>\n<p>Vous vous int\u00e9ressez depuis longtemps \u00e0 une certaine machine, mais vous n&rsquo;avez jamais pu la voir en vrai ? Venez nous voir, nous vous montrerons par exemple l&rsquo;<a href=\"https:\/\/3d-edu.ch\/fr\/formlabs\/imprimante-3d-formlabs\/fuse-1\/\" target=\"_blank\" rel=\"noopener\">imprimante 3D Fuse 1 SLS<\/a> ou l&rsquo;<a href=\"https:\/\/3d-edu.ch\/fr\/formlabs\/imprimante-3d-formlabs\/forme-3l\/\" target=\"_blank\" rel=\"noopener\">imprimante 3D Form 3L SLA<\/a>, y compris <a href=\"https:\/\/3d-edu.ch\/fr\/formlabs\/post-traitement\/form-wash-l-form-cure-l\/\" target=\"_blank\" rel=\"noopener\">Cure L et Wash L<\/a>. <\/p>\n<p>Nous nous r\u00e9jouissons de votre visite et de vos discussions stimulantes !<\/p>\n<p><strong>Quand : Vendredi 29 avril 2022 de 09:00 \u00e0 17:00 heures.<\/strong><br \/><strong>O\u00f9 : 3D-EDU GmbH, Badenerstrasse 556, 8048 Zurich<\/strong><\/p>\n<p><small>Veuillez noter que nous ne disposons que de deux places de parking. <a href=\"https:\/\/3d-edu.ch\/kontakt-2\/\" target=\"_blank\" rel=\"noopener\">Contactez-nous<\/a> et nous vous aiderons \u00e0 planifier votre arriv\u00e9e. Nous connaissons les environs et savons o\u00f9 trouver une place de parking ou le meilleur moyen de nous rejoindre en transports publics. <\/small><\/p>\n<a href=\"https:\/\/3d-edu.ch\/fr\/contact\/\" target=\"_blank\" class=\"button primary\" rel=\"noopener\" >\n\t\t<span>Contact<\/span>\n\t<\/a>\n\n","protected":false},"excerpt":{"rendered":"<p>Le vendredi 29 avril 2022, nous ouvrirons nos portes \u00e0 tous nos clients et \u00e0 toutes les personnes int\u00e9ress\u00e9es. Nous vous invitons \u00e0 la r\u00e9ouverture de notre showroom \u00e0 Zurich dans l&rsquo;esprit d&rsquo;une journ\u00e9e portes ouvertes. <\/p>\n<p>Quand : Vendredi 29 avril 2022 de 09:00 \u00e0 17:00<br \/>\nO\u00f9 : 3D-EDU GmbH, Badenerstrasse 556, 8048 Zurich<\/p>\n","protected":false},"author":1,"featured_media":64993,"comment_status":"closed","ping_status":"closed","sticky":false,"template":"","format":"standard","meta":{"footnotes":""},"categories":[],"tags":[],"class_list":["post-75722","post","type-post","status-publish","format-standard","has-post-thumbnail","hentry"],"yoast_head":"<!-- This site is optimized with the Yoast SEO Premium plugin v27.4 (Yoast SEO v27.4) - https:\/\/yoast.com\/product\/yoast-seo-premium-wordpress\/ -->\n<title>R\u00e9ouverture du showroom \/ Journ\u00e9e portes ouvertes - 3D-EDU<\/title>\n<meta name=\"robots\" content=\"index, follow, max-snippet:-1, max-image-preview:large, max-video-preview:-1\" \/>\n<link rel=\"canonical\" href=\"https:\/\/3d-edu.ch\/fr\/reouverture-du-showroom-journee-portes-ouvertes\/\" \/>\n<meta property=\"og:locale\" content=\"fr_FR\" \/>\n<meta property=\"og:type\" content=\"article\" \/>\n<meta property=\"og:title\" content=\"R\u00e9ouverture du showroom \/ Journ\u00e9e portes ouvertes\" \/>\n<meta property=\"og:description\" content=\"Le vendredi 29 avril 2022, nous ouvrirons nos portes \u00e0 tous nos clients et \u00e0 toutes les personnes int\u00e9ress\u00e9es. Nous vous invitons \u00e0 la r\u00e9ouverture de notre showroom \u00e0 Zurich dans l&#039;esprit d&#039;une journ\u00e9e portes ouvertes.  Quand : Vendredi 29 avril 2022 de 09:00 \u00e0 17:00 O\u00f9 : 3D-EDU GmbH, Badenerstrasse 556, 8048 Zurich\" \/>\n<meta property=\"og:url\" content=\"https:\/\/3d-edu.ch\/fr\/reouverture-du-showroom-journee-portes-ouvertes\/\" \/>\n<meta property=\"og:site_name\" content=\"3D-EDU GmbH\" \/>\n<meta property=\"article:publisher\" content=\"https:\/\/www.facebook.com\/3d-educh-210277586064960\/\" \/>\n<meta property=\"article:published_time\" content=\"2022-04-12T05:29:17+00:00\" \/>\n<meta property=\"article:modified_time\" content=\"2026-03-09T13:02:05+00:00\" \/>\n<meta property=\"og:image\" content=\"https:\/\/3d-edu.ch\/wp-content\/uploads\/2022\/04\/3D-EDU-Showroom.jpg\" \/>\n\t<meta property=\"og:image:width\" content=\"720\" \/>\n\t<meta property=\"og:image:height\" content=\"380\" \/>\n\t<meta property=\"og:image:type\" content=\"image\/jpeg\" \/>\n<meta name=\"author\" content=\"gygaxc\" \/>\n<meta name=\"twitter:card\" content=\"summary_large_image\" \/>\n<meta name=\"twitter:creator\" content=\"@3d_edu_ch\" \/>\n<meta name=\"twitter:site\" content=\"@3d_edu_ch\" \/>\n<meta name=\"twitter:label1\" content=\"\u00c9crit par\" \/>\n\t<meta name=\"twitter:data1\" content=\"gygaxc\" \/>\n\t<meta name=\"twitter:label2\" content=\"Dur\u00e9e de lecture estim\u00e9e\" \/>\n\t<meta name=\"twitter:data2\" content=\"2 minute\" \/>\n<script type=\"application\/ld+json\" class=\"yoast-schema-graph\">{\"@context\":\"https:\\\/\\\/schema.org\",\"@graph\":[{\"@type\":\"Article\",\"@id\":\"https:\\\/\\\/3d-edu.ch\\\/fr\\\/reouverture-du-showroom-journee-portes-ouvertes\\\/#article\",\"isPartOf\":{\"@id\":\"https:\\\/\\\/3d-edu.ch\\\/fr\\\/reouverture-du-showroom-journee-portes-ouvertes\\\/\"},\"author\":{\"name\":\"gygaxc\",\"@id\":\"https:\\\/\\\/3d-edu.ch\\\/fr\\\/#\\\/schema\\\/person\\\/202618fd97564d5cc16f60ea829f84fb\"},\"headline\":\"R\u00e9ouverture du showroom \\\/ Journ\u00e9e portes ouvertes\",\"datePublished\":\"2022-04-12T05:29:17+00:00\",\"dateModified\":\"2026-03-09T13:02:05+00:00\",\"mainEntityOfPage\":{\"@id\":\"https:\\\/\\\/3d-edu.ch\\\/fr\\\/reouverture-du-showroom-journee-portes-ouvertes\\\/\"},\"wordCount\":395,\"publisher\":{\"@id\":\"https:\\\/\\\/3d-edu.ch\\\/fr\\\/#organization\"},\"image\":{\"@id\":\"https:\\\/\\\/3d-edu.ch\\\/fr\\\/reouverture-du-showroom-journee-portes-ouvertes\\\/#primaryimage\"},\"thumbnailUrl\":\"https:\\\/\\\/3d-edu.ch\\\/wp-content\\\/uploads\\\/2022\\\/04\\\/3D-EDU-Showroom.jpg\",\"inLanguage\":\"fr-FR\",\"copyrightYear\":\"2022\",\"copyrightHolder\":{\"@id\":\"https:\\\/\\\/3d-edu.ch\\\/#organization\"}},{\"@type\":\"WebPage\",\"@id\":\"https:\\\/\\\/3d-edu.ch\\\/fr\\\/reouverture-du-showroom-journee-portes-ouvertes\\\/\",\"url\":\"https:\\\/\\\/3d-edu.ch\\\/fr\\\/reouverture-du-showroom-journee-portes-ouvertes\\\/\",\"name\":\"R\u00e9ouverture du showroom \\\/ Journ\u00e9e portes ouvertes - 3D-EDU\",\"isPartOf\":{\"@id\":\"https:\\\/\\\/3d-edu.ch\\\/fr\\\/#website\"},\"primaryImageOfPage\":{\"@id\":\"https:\\\/\\\/3d-edu.ch\\\/fr\\\/reouverture-du-showroom-journee-portes-ouvertes\\\/#primaryimage\"},\"image\":{\"@id\":\"https:\\\/\\\/3d-edu.ch\\\/fr\\\/reouverture-du-showroom-journee-portes-ouvertes\\\/#primaryimage\"},\"thumbnailUrl\":\"https:\\\/\\\/3d-edu.ch\\\/wp-content\\\/uploads\\\/2022\\\/04\\\/3D-EDU-Showroom.jpg\",\"datePublished\":\"2022-04-12T05:29:17+00:00\",\"dateModified\":\"2026-03-09T13:02:05+00:00\",\"breadcrumb\":{\"@id\":\"https:\\\/\\\/3d-edu.ch\\\/fr\\\/reouverture-du-showroom-journee-portes-ouvertes\\\/#breadcrumb\"},\"inLanguage\":\"fr-FR\",\"potentialAction\":[{\"@type\":\"ReadAction\",\"target\":[\"https:\\\/\\\/3d-edu.ch\\\/fr\\\/reouverture-du-showroom-journee-portes-ouvertes\\\/\"]}]},{\"@type\":\"ImageObject\",\"inLanguage\":\"fr-FR\",\"@id\":\"https:\\\/\\\/3d-edu.ch\\\/fr\\\/reouverture-du-showroom-journee-portes-ouvertes\\\/#primaryimage\",\"url\":\"https:\\\/\\\/3d-edu.ch\\\/wp-content\\\/uploads\\\/2022\\\/04\\\/3D-EDU-Showroom.jpg\",\"contentUrl\":\"https:\\\/\\\/3d-edu.ch\\\/wp-content\\\/uploads\\\/2022\\\/04\\\/3D-EDU-Showroom.jpg\",\"width\":720,\"height\":380,\"caption\":\"3D-EDU GmbH Showroom Re-opening\"},{\"@type\":\"BreadcrumbList\",\"@id\":\"https:\\\/\\\/3d-edu.ch\\\/fr\\\/reouverture-du-showroom-journee-portes-ouvertes\\\/#breadcrumb\",\"itemListElement\":[{\"@type\":\"ListItem\",\"position\":1,\"name\":\"Accueil\",\"item\":\"https:\\\/\\\/3d-edu.ch\\\/fr\\\/\"},{\"@type\":\"ListItem\",\"position\":2,\"name\":\"R\u00e9ouverture du showroom \\\/ Journ\u00e9e portes ouvertes\"}]},{\"@type\":\"WebSite\",\"@id\":\"https:\\\/\\\/3d-edu.ch\\\/fr\\\/#website\",\"url\":\"https:\\\/\\\/3d-edu.ch\\\/fr\\\/\",\"name\":\"3D-EDU GmbH\",\"description\":\"Your Formlabs, UltiMaker and Raise3D Printer Support and Education Site in Switzerland. \\\/\\\/ Ihre Formlabs, UltiMaker and Raise3D Drucker Support und Bildungs Webseite der Schweiz.\",\"publisher\":{\"@id\":\"https:\\\/\\\/3d-edu.ch\\\/fr\\\/#organization\"},\"potentialAction\":[{\"@type\":\"SearchAction\",\"target\":{\"@type\":\"EntryPoint\",\"urlTemplate\":\"https:\\\/\\\/3d-edu.ch\\\/fr\\\/?s={search_term_string}\"},\"query-input\":{\"@type\":\"PropertyValueSpecification\",\"valueRequired\":true,\"valueName\":\"search_term_string\"}}],\"inLanguage\":\"fr-FR\"},{\"@type\":[\"Organization\",\"Place\",\"ElectronicsStore\"],\"@id\":\"https:\\\/\\\/3d-edu.ch\\\/fr\\\/#organization\",\"name\":\"3D-EDU GmbH\",\"url\":\"https:\\\/\\\/3d-edu.ch\\\/fr\\\/\",\"logo\":{\"@id\":\"https:\\\/\\\/3d-edu.ch\\\/fr\\\/reouverture-du-showroom-journee-portes-ouvertes\\\/#local-main-organization-logo\"},\"image\":{\"@id\":\"https:\\\/\\\/3d-edu.ch\\\/fr\\\/reouverture-du-showroom-journee-portes-ouvertes\\\/#local-main-organization-logo\"},\"sameAs\":[\"https:\\\/\\\/www.facebook.com\\\/3d-educh-210277586064960\\\/\",\"https:\\\/\\\/x.com\\\/3d_edu_ch\"],\"address\":{\"@id\":\"https:\\\/\\\/3d-edu.ch\\\/fr\\\/reouverture-du-showroom-journee-portes-ouvertes\\\/#local-main-place-address\"},\"geo\":{\"@type\":\"GeoCoordinates\",\"latitude\":\"47.38413\",\"longitude\":\"8.49812\"},\"telephone\":[\"+41 44 492 11 22\"],\"openingHoursSpecification\":[{\"@type\":\"OpeningHoursSpecification\",\"dayOfWeek\":[\"Monday\",\"Tuesday\",\"Wednesday\",\"Thursday\",\"Friday\"],\"opens\":\"08:30\",\"closes\":\"18:00\"},{\"@type\":\"OpeningHoursSpecification\",\"dayOfWeek\":[\"Saturday\",\"Sunday\"],\"opens\":\"00:00\",\"closes\":\"00:00\"}],\"email\":\"info@3d-edu.ch\",\"faxNumber\":\"+41 44 492 11 23\",\"vatID\":\"CHE-184.499.491 MWST\",\"priceRange\":\"$$$\",\"currenciesAccepted\":\"CHF\"},{\"@type\":\"Person\",\"@id\":\"https:\\\/\\\/3d-edu.ch\\\/fr\\\/#\\\/schema\\\/person\\\/202618fd97564d5cc16f60ea829f84fb\",\"name\":\"gygaxc\"},{\"@type\":\"PostalAddress\",\"@id\":\"https:\\\/\\\/3d-edu.ch\\\/fr\\\/reouverture-du-showroom-journee-portes-ouvertes\\\/#local-main-place-address\",\"streetAddress\":\"3D-EDU GmbH, Badenerstrasse 556\",\"addressLocality\":\"Z\u00fcrich\",\"postalCode\":\"8048\",\"addressRegion\":\"Z\u00fcrich\",\"addressCountry\":\"CH\"},{\"@type\":\"ImageObject\",\"inLanguage\":\"fr-FR\",\"@id\":\"https:\\\/\\\/3d-edu.ch\\\/fr\\\/reouverture-du-showroom-journee-portes-ouvertes\\\/#local-main-organization-logo\",\"url\":\"https:\\\/\\\/3d-edu.ch\\\/wp-content\\\/uploads\\\/2018\\\/10\\\/3d-drucker-makerbot-formlabs-professionelle-3d-drucker-e1546527990490.png\",\"contentUrl\":\"https:\\\/\\\/3d-edu.ch\\\/wp-content\\\/uploads\\\/2018\\\/10\\\/3d-drucker-makerbot-formlabs-professionelle-3d-drucker-e1546527990490.png\",\"width\":275,\"height\":80,\"caption\":\"3D-EDU GmbH\"}]}<\/script>\n<meta name=\"geo.placename\" content=\"Z\u00fcrich\" \/>\n<meta name=\"geo.position\" content=\"47.38413;8.49812\" \/>\n<meta name=\"geo.region\" content=\"Suisse\" \/>\n<!-- \/ Yoast SEO Premium plugin. -->","yoast_head_json":{"title":"R\u00e9ouverture du showroom \/ Journ\u00e9e portes ouvertes - 3D-EDU","robots":{"index":"index","follow":"follow","max-snippet":"max-snippet:-1","max-image-preview":"max-image-preview:large","max-video-preview":"max-video-preview:-1"},"canonical":"https:\/\/3d-edu.ch\/fr\/reouverture-du-showroom-journee-portes-ouvertes\/","og_locale":"fr_FR","og_type":"article","og_title":"R\u00e9ouverture du showroom \/ Journ\u00e9e portes ouvertes","og_description":"Le vendredi 29 avril 2022, nous ouvrirons nos portes \u00e0 tous nos clients et \u00e0 toutes les personnes int\u00e9ress\u00e9es. Nous vous invitons \u00e0 la r\u00e9ouverture de notre showroom \u00e0 Zurich dans l'esprit d'une journ\u00e9e portes ouvertes.  Quand : Vendredi 29 avril 2022 de 09:00 \u00e0 17:00 O\u00f9 : 3D-EDU GmbH, Badenerstrasse 556, 8048 Zurich","og_url":"https:\/\/3d-edu.ch\/fr\/reouverture-du-showroom-journee-portes-ouvertes\/","og_site_name":"3D-EDU GmbH","article_publisher":"https:\/\/www.facebook.com\/3d-educh-210277586064960\/","article_published_time":"2022-04-12T05:29:17+00:00","article_modified_time":"2026-03-09T13:02:05+00:00","og_image":[{"width":720,"height":380,"url":"https:\/\/3d-edu.ch\/wp-content\/uploads\/2022\/04\/3D-EDU-Showroom.jpg","type":"image\/jpeg"}],"author":"gygaxc","twitter_card":"summary_large_image","twitter_creator":"@3d_edu_ch","twitter_site":"@3d_edu_ch","twitter_misc":{"\u00c9crit par":"gygaxc","Dur\u00e9e de lecture estim\u00e9e":"2 minute"},"schema":{"@context":"https:\/\/schema.org","@graph":[{"@type":"Article","@id":"https:\/\/3d-edu.ch\/fr\/reouverture-du-showroom-journee-portes-ouvertes\/#article","isPartOf":{"@id":"https:\/\/3d-edu.ch\/fr\/reouverture-du-showroom-journee-portes-ouvertes\/"},"author":{"name":"gygaxc","@id":"https:\/\/3d-edu.ch\/fr\/#\/schema\/person\/202618fd97564d5cc16f60ea829f84fb"},"headline":"R\u00e9ouverture du showroom \/ Journ\u00e9e portes ouvertes","datePublished":"2022-04-12T05:29:17+00:00","dateModified":"2026-03-09T13:02:05+00:00","mainEntityOfPage":{"@id":"https:\/\/3d-edu.ch\/fr\/reouverture-du-showroom-journee-portes-ouvertes\/"},"wordCount":395,"publisher":{"@id":"https:\/\/3d-edu.ch\/fr\/#organization"},"image":{"@id":"https:\/\/3d-edu.ch\/fr\/reouverture-du-showroom-journee-portes-ouvertes\/#primaryimage"},"thumbnailUrl":"https:\/\/3d-edu.ch\/wp-content\/uploads\/2022\/04\/3D-EDU-Showroom.jpg","inLanguage":"fr-FR","copyrightYear":"2022","copyrightHolder":{"@id":"https:\/\/3d-edu.ch\/#organization"}},{"@type":"WebPage","@id":"https:\/\/3d-edu.ch\/fr\/reouverture-du-showroom-journee-portes-ouvertes\/","url":"https:\/\/3d-edu.ch\/fr\/reouverture-du-showroom-journee-portes-ouvertes\/","name":"R\u00e9ouverture du showroom \/ Journ\u00e9e portes ouvertes - 3D-EDU","isPartOf":{"@id":"https:\/\/3d-edu.ch\/fr\/#website"},"primaryImageOfPage":{"@id":"https:\/\/3d-edu.ch\/fr\/reouverture-du-showroom-journee-portes-ouvertes\/#primaryimage"},"image":{"@id":"https:\/\/3d-edu.ch\/fr\/reouverture-du-showroom-journee-portes-ouvertes\/#primaryimage"},"thumbnailUrl":"https:\/\/3d-edu.ch\/wp-content\/uploads\/2022\/04\/3D-EDU-Showroom.jpg","datePublished":"2022-04-12T05:29:17+00:00","dateModified":"2026-03-09T13:02:05+00:00","breadcrumb":{"@id":"https:\/\/3d-edu.ch\/fr\/reouverture-du-showroom-journee-portes-ouvertes\/#breadcrumb"},"inLanguage":"fr-FR","potentialAction":[{"@type":"ReadAction","target":["https:\/\/3d-edu.ch\/fr\/reouverture-du-showroom-journee-portes-ouvertes\/"]}]},{"@type":"ImageObject","inLanguage":"fr-FR","@id":"https:\/\/3d-edu.ch\/fr\/reouverture-du-showroom-journee-portes-ouvertes\/#primaryimage","url":"https:\/\/3d-edu.ch\/wp-content\/uploads\/2022\/04\/3D-EDU-Showroom.jpg","contentUrl":"https:\/\/3d-edu.ch\/wp-content\/uploads\/2022\/04\/3D-EDU-Showroom.jpg","width":720,"height":380,"caption":"3D-EDU GmbH Showroom Re-opening"},{"@type":"BreadcrumbList","@id":"https:\/\/3d-edu.ch\/fr\/reouverture-du-showroom-journee-portes-ouvertes\/#breadcrumb","itemListElement":[{"@type":"ListItem","position":1,"name":"Accueil","item":"https:\/\/3d-edu.ch\/fr\/"},{"@type":"ListItem","position":2,"name":"R\u00e9ouverture du showroom \/ Journ\u00e9e portes ouvertes"}]},{"@type":"WebSite","@id":"https:\/\/3d-edu.ch\/fr\/#website","url":"https:\/\/3d-edu.ch\/fr\/","name":"3D-EDU GmbH","description":"Your Formlabs, UltiMaker and Raise3D Printer Support and Education Site in Switzerland. \/\/ Ihre Formlabs, UltiMaker and Raise3D Drucker Support und Bildungs Webseite der Schweiz.","publisher":{"@id":"https:\/\/3d-edu.ch\/fr\/#organization"},"potentialAction":[{"@type":"SearchAction","target":{"@type":"EntryPoint","urlTemplate":"https:\/\/3d-edu.ch\/fr\/?s={search_term_string}"},"query-input":{"@type":"PropertyValueSpecification","valueRequired":true,"valueName":"search_term_string"}}],"inLanguage":"fr-FR"},{"@type":["Organization","Place","ElectronicsStore"],"@id":"https:\/\/3d-edu.ch\/fr\/#organization","name":"3D-EDU GmbH","url":"https:\/\/3d-edu.ch\/fr\/","logo":{"@id":"https:\/\/3d-edu.ch\/fr\/reouverture-du-showroom-journee-portes-ouvertes\/#local-main-organization-logo"},"image":{"@id":"https:\/\/3d-edu.ch\/fr\/reouverture-du-showroom-journee-portes-ouvertes\/#local-main-organization-logo"},"sameAs":["https:\/\/www.facebook.com\/3d-educh-210277586064960\/","https:\/\/x.com\/3d_edu_ch"],"address":{"@id":"https:\/\/3d-edu.ch\/fr\/reouverture-du-showroom-journee-portes-ouvertes\/#local-main-place-address"},"geo":{"@type":"GeoCoordinates","latitude":"47.38413","longitude":"8.49812"},"telephone":["+41 44 492 11 22"],"openingHoursSpecification":[{"@type":"OpeningHoursSpecification","dayOfWeek":["Monday","Tuesday","Wednesday","Thursday","Friday"],"opens":"08:30","closes":"18:00"},{"@type":"OpeningHoursSpecification","dayOfWeek":["Saturday","Sunday"],"opens":"00:00","closes":"00:00"}],"email":"info@3d-edu.ch","faxNumber":"+41 44 492 11 23","vatID":"CHE-184.499.491 MWST","priceRange":"$$$","currenciesAccepted":"CHF"},{"@type":"Person","@id":"https:\/\/3d-edu.ch\/fr\/#\/schema\/person\/202618fd97564d5cc16f60ea829f84fb","name":"gygaxc"},{"@type":"PostalAddress","@id":"https:\/\/3d-edu.ch\/fr\/reouverture-du-showroom-journee-portes-ouvertes\/#local-main-place-address","streetAddress":"3D-EDU GmbH, Badenerstrasse 556","addressLocality":"Z\u00fcrich","postalCode":"8048","addressRegion":"Z\u00fcrich","addressCountry":"CH"},{"@type":"ImageObject","inLanguage":"fr-FR","@id":"https:\/\/3d-edu.ch\/fr\/reouverture-du-showroom-journee-portes-ouvertes\/#local-main-organization-logo","url":"https:\/\/3d-edu.ch\/wp-content\/uploads\/2018\/10\/3d-drucker-makerbot-formlabs-professionelle-3d-drucker-e1546527990490.png","contentUrl":"https:\/\/3d-edu.ch\/wp-content\/uploads\/2018\/10\/3d-drucker-makerbot-formlabs-professionelle-3d-drucker-e1546527990490.png","width":275,"height":80,"caption":"3D-EDU GmbH"}]},"geo.placename":"Z\u00fcrich","geo.position":{"lat":"47.38413","long":"8.49812"},"geo.region":"Suisse"},"_links":{"self":[{"href":"https:\/\/3d-edu.ch\/fr\/wp-json\/wp\/v2\/posts\/75722","targetHints":{"allow":["GET"]}}],"collection":[{"href":"https:\/\/3d-edu.ch\/fr\/wp-json\/wp\/v2\/posts"}],"about":[{"href":"https:\/\/3d-edu.ch\/fr\/wp-json\/wp\/v2\/types\/post"}],"author":[{"embeddable":true,"href":"https:\/\/3d-edu.ch\/fr\/wp-json\/wp\/v2\/users\/1"}],"replies":[{"embeddable":true,"href":"https:\/\/3d-edu.ch\/fr\/wp-json\/wp\/v2\/comments?post=75722"}],"version-history":[{"count":1,"href":"https:\/\/3d-edu.ch\/fr\/wp-json\/wp\/v2\/posts\/75722\/revisions"}],"predecessor-version":[{"id":80925,"href":"https:\/\/3d-edu.ch\/fr\/wp-json\/wp\/v2\/posts\/75722\/revisions\/80925"}],"wp:featuredmedia":[{"embeddable":true,"href":"https:\/\/3d-edu.ch\/fr\/wp-json\/wp\/v2\/media\/64993"}],"wp:attachment":[{"href":"https:\/\/3d-edu.ch\/fr\/wp-json\/wp\/v2\/media?parent=75722"}],"wp:term":[{"taxonomy":"category","embeddable":true,"href":"https:\/\/3d-edu.ch\/fr\/wp-json\/wp\/v2\/categories?post=75722"},{"taxonomy":"post_tag","embeddable":true,"href":"https:\/\/3d-edu.ch\/fr\/wp-json\/wp\/v2\/tags?post=75722"}],"curies":[{"name":"wp","href":"https:\/\/api.w.org\/{rel}","templated":true}]}}