{"id":75716,"date":"2022-05-30T09:26:06","date_gmt":"2022-05-30T07:26:06","guid":{"rendered":"https:\/\/3d-edu.ch\/journee-portes-ouvertes\/"},"modified":"2026-03-09T14:02:01","modified_gmt":"2026-03-09T13:02:01","slug":"journee-portes-ouvertes","status":"publish","type":"post","link":"https:\/\/3d-edu.ch\/fr\/journee-portes-ouvertes\/","title":{"rendered":"Journ\u00e9e portes ouvertes"},"content":{"rendered":"\n<p>Nous avons r\u00e9cemment organis\u00e9 notre premi\u00e8re journ\u00e9e portes ouvertes. En plus d&rsquo;un \u00e9change int\u00e9ressant avec nos clients, nous avons eu l&rsquo;occasion de pr\u00e9senter notre <a href=\"https:\/\/3d-edu.ch\/fr\/salle-dexposition-dimprimantes-3d\/\">nouveau showroom<\/a> \u00e0 tous les visiteurs. <\/p>\n<p>En raison de notre croissance r\u00e9ussie de l&rsquo;ann\u00e9e derni\u00e8re, nous avons d\u00e9cid\u00e9 de r\u00e9am\u00e9nager notre salle d&rsquo;exposition. Avec une nouvelle vitrine, un logo, une d\u00e9coration murale adapt\u00e9e et un espace suppl\u00e9mentaire pour les nouvelles machines, nous avons eu le plaisir d&rsquo;inaugurer et de pr\u00e9senter nos locaux lors de cette journ\u00e9e. (Actuellement, nous disposons dans notre showroom des <a href=\"https:\/\/3d-edu.ch\/fr\/formlabs\/imprimante-3d-formlabs\/\">imprimantes 3D Formlabs SLA<\/a> <a href=\"https:\/\/3d-edu.ch\/fr\/formlabs\/imprimante-3d-formlabs\/forme-3\/\">Form 3+<\/a>, <a href=\"https:\/\/3d-edu.ch\/fr\/formlabs\/imprimante-3d-formlabs\/forme-3b\/\">Form 3B+<\/a>, <a href=\"https:\/\/3d-edu.ch\/fr\/formlabs\/imprimante-3d-formlabs\/forme-3l\/\">Form 3L<\/a>, de l&rsquo;<a href=\"https:\/\/3d-edu.ch\/fr\/formlabs\/imprimante-3d-sls-de-formlabs\/\">imprimante 3D SLS<\/a> <a href=\"https:\/\/3d-edu.ch\/fr\/formlabs\/imprimante-3d-formlabs\/fuse-1\/\">Formlabs Fuse 1<\/a> avec <a href=\"\/formlabs\/formlabs-3d-drucker-2\/fuse-1\/fuse-sift\/\">station Sift<\/a> et de l&rsquo;<a href=\"https:\/\/3d-edu.ch\/makerbot\/makerbot-3d-drucker\/\">imprimante 3D FDM<\/a> <a href=\"\/makerbot\/makerbot-3d-drucker\/makerbot-method-carbon-fiber-edition\/\">MakerBot Method X Carbon Fiber<\/a>).  <\/p>\n<p>Lors de notre journ\u00e9e portes ouvertes, nous avons \u00e9t\u00e9 aid\u00e9s par deux repr\u00e9sentants de Formlabs, Nils Bosh\u00fcsen (Channel Sales Manager DACH) et Raphael Rieffel (Channel Manager Engineering DACH). Nos clients potentiels ont ainsi pu obtenir quelques d\u00e9tails de premi\u00e8re main sur les derniers mat\u00e9riaux et sur les machines. <\/p>\n<p>Enfin, 3D-EDU GmbH a re\u00e7u le prix \u00ab\u00a0Highest Growth 2021 | Western Europe\u00a0\u00bb de Formlabs. Un grand merci ! <\/p>\n\t<div class=\"img has-hover x md-x lg-x y md-y lg-y\" id=\"image_42928939\">\n\t\t\t\t\t\t\t\t<div class=\"img-inner dark\" >\n\t\t\t<img loading=\"lazy\" decoding=\"async\" width=\"720\" height=\"380\" src=\"https:\/\/3d-edu.ch\/wp-content\/smush-avif\/2022\/05\/Award.jpg.avif\" class=\"attachment-large size-large\" alt=\"3d-edu_award_formlabs_showroom_2022\" srcset=\"https:\/\/3d-edu.ch\/wp-content\/smush-avif\/2022\/05\/Award.jpg.avif 720w, https:\/\/3d-edu.ch\/wp-content\/smush-avif\/2022\/05\/Award-240x127.jpg.avif 240w, https:\/\/3d-edu.ch\/wp-content\/smush-avif\/2022\/05\/Award-57x30.jpg.avif 57w, https:\/\/3d-edu.ch\/wp-content\/smush-avif\/2022\/05\/Award-380x201.jpg.avif 380w\" sizes=\"auto, (max-width: 720px) 100vw, 720px\" \/>\t\t\t\t\t\t\n\t\t\t\t\t<\/div>\n\t\t\t\t\t\t\t\t\n<style>\n#image_42928939 {\n  width: 100%;\n}\n<\/style>\n\t<\/div>\n\t\n\n<p>Au nom de 3D-EDU GmbH, nous tenons \u00e0 vous remercier chaleureusement pour un exercice 2021 r\u00e9ussi et nous nous r\u00e9jouissons de poursuivre notre int\u00e9ressante collaboration !<\/p>\n<p>Votre \u00e9quipe 3D-EDU<\/p>\n<p>Claudio Gygax<br \/>Nicolas Hartmann<\/p>\n<p>Nous serons heureux de vous accueillir dans notre showroom et de vous montrer les possibilit\u00e9s offertes par les diff\u00e9rents proc\u00e9d\u00e9s d&rsquo;impression 3D. Nous vous aiderons \u00e0 trouver une solution adapt\u00e9e \u00e0 vos besoins. Contactez-nous pour prendre rendez-vous.  <\/p>\n<a href=\"https:\/\/3d-edu.ch\/fr\/contact\/\" class=\"button primary\" >\n\t\t<span>Contactez-nous<\/span>\n\t<\/a>\n\n\n\t<div class=\"img has-hover x md-x lg-x y md-y lg-y\" id=\"image_2132795837\">\n\t\t\t\t\t\t\t\t<div class=\"img-inner dark\" >\n\t\t\t<img loading=\"lazy\" decoding=\"async\" width=\"904\" height=\"525\" src=\"https:\/\/3d-edu.ch\/wp-content\/smush-avif\/2022\/05\/DSC_0636.jpg.avif\" class=\"attachment-large size-large\" alt=\"3d-edu_vitrine_ext\u00e9rieure\" srcset=\"https:\/\/3d-edu.ch\/wp-content\/smush-avif\/2022\/05\/DSC_0636.jpg.avif 904w, https:\/\/3d-edu.ch\/wp-content\/smush-avif\/2022\/05\/DSC_0636-240x139.jpg.avif 240w, https:\/\/3d-edu.ch\/wp-content\/smush-avif\/2022\/05\/DSC_0636-768x446.jpg.avif 768w, https:\/\/3d-edu.ch\/wp-content\/smush-avif\/2022\/05\/DSC_0636-52x30.jpg.avif 52w, https:\/\/3d-edu.ch\/wp-content\/smush-avif\/2022\/05\/DSC_0636-380x221.jpg.avif 380w\" sizes=\"auto, (max-width: 904px) 100vw, 904px\" \/>\t\t\t\t\t\t\n\t\t\t\t\t<\/div>\n\t\t\t\t\t\t\t\t\n<style>\n#image_2132795837 {\n  width: 100%;\n}\n<\/style>\n\t<\/div>\n\t\n\n<p>Pour voir plus de photos de notre nouveau showroom, cliquez ici :<\/p>\n<a href=\"https:\/\/3d-edu.ch\/fr\/contact\/salle-dexposition-dimprimantes-3d\/\" class=\"button primary\" >\n\t\t<span>Salle d&#039;exposition<\/span>\n\t<\/a>\n\n","protected":false},"excerpt":{"rendered":"<p>Le vendredi 29 avril 2022 a eu lieu notre premi\u00e8re journ\u00e9e portes ouvertes. En plus d&rsquo;un \u00e9change int\u00e9ressant avec nos clients et les repr\u00e9sentants de Formlabs, Nils Bosh\u00fcsen et Raphael Rieffel, nous avons pu pr\u00e9senter pour la premi\u00e8re fois notre nouveau showroom. <\/p>\n","protected":false},"author":1,"featured_media":65029,"comment_status":"closed","ping_status":"closed","sticky":false,"template":"","format":"standard","meta":{"footnotes":""},"categories":[],"tags":[],"class_list":["post-75716","post","type-post","status-publish","format-standard","has-post-thumbnail","hentry"],"yoast_head":"<!-- This site is optimized with the Yoast SEO Premium plugin v27.4 (Yoast SEO v27.4) - https:\/\/yoast.com\/product\/yoast-seo-premium-wordpress\/ -->\n<title>Journ\u00e9e portes ouvertes - 3D-EDU<\/title>\n<meta name=\"robots\" content=\"index, follow, max-snippet:-1, max-image-preview:large, max-video-preview:-1\" \/>\n<link rel=\"canonical\" href=\"https:\/\/3d-edu.ch\/fr\/journee-portes-ouvertes\/\" \/>\n<meta property=\"og:locale\" content=\"fr_FR\" \/>\n<meta property=\"og:type\" content=\"article\" \/>\n<meta property=\"og:title\" content=\"Journ\u00e9e portes ouvertes\" \/>\n<meta property=\"og:description\" content=\"Le vendredi 29 avril 2022 a eu lieu notre premi\u00e8re journ\u00e9e portes ouvertes. En plus d&#039;un \u00e9change int\u00e9ressant avec nos clients et les repr\u00e9sentants de Formlabs, Nils Bosh\u00fcsen et Raphael Rieffel, nous avons pu pr\u00e9senter pour la premi\u00e8re fois notre nouveau showroom.\" \/>\n<meta property=\"og:url\" content=\"https:\/\/3d-edu.ch\/fr\/journee-portes-ouvertes\/\" \/>\n<meta property=\"og:site_name\" content=\"3D-EDU GmbH\" \/>\n<meta property=\"article:publisher\" content=\"https:\/\/www.facebook.com\/3d-educh-210277586064960\/\" \/>\n<meta property=\"article:published_time\" content=\"2022-05-30T07:26:06+00:00\" \/>\n<meta property=\"article:modified_time\" content=\"2026-03-09T13:02:01+00:00\" \/>\n<meta property=\"og:image\" content=\"https:\/\/3d-edu.ch\/wp-content\/uploads\/2022\/05\/IMG_6832-1.jpg\" \/>\n\t<meta property=\"og:image:width\" content=\"720\" \/>\n\t<meta property=\"og:image:height\" content=\"380\" \/>\n\t<meta property=\"og:image:type\" content=\"image\/jpeg\" \/>\n<meta name=\"author\" content=\"gygaxc\" \/>\n<meta name=\"twitter:card\" content=\"summary_large_image\" \/>\n<meta name=\"twitter:creator\" content=\"@3d_edu_ch\" \/>\n<meta name=\"twitter:site\" content=\"@3d_edu_ch\" \/>\n<meta name=\"twitter:label1\" content=\"\u00c9crit par\" \/>\n\t<meta name=\"twitter:data1\" content=\"gygaxc\" \/>\n\t<meta name=\"twitter:label2\" content=\"Dur\u00e9e de lecture estim\u00e9e\" \/>\n\t<meta name=\"twitter:data2\" content=\"2 minute\" \/>\n<script type=\"application\/ld+json\" class=\"yoast-schema-graph\">{\"@context\":\"https:\\\/\\\/schema.org\",\"@graph\":[{\"@type\":\"Article\",\"@id\":\"https:\\\/\\\/3d-edu.ch\\\/fr\\\/journee-portes-ouvertes\\\/#article\",\"isPartOf\":{\"@id\":\"https:\\\/\\\/3d-edu.ch\\\/fr\\\/journee-portes-ouvertes\\\/\"},\"author\":{\"name\":\"gygaxc\",\"@id\":\"https:\\\/\\\/3d-edu.ch\\\/fr\\\/#\\\/schema\\\/person\\\/202618fd97564d5cc16f60ea829f84fb\"},\"headline\":\"Journ\u00e9e portes ouvertes\",\"datePublished\":\"2022-05-30T07:26:06+00:00\",\"dateModified\":\"2026-03-09T13:02:01+00:00\",\"mainEntityOfPage\":{\"@id\":\"https:\\\/\\\/3d-edu.ch\\\/fr\\\/journee-portes-ouvertes\\\/\"},\"wordCount\":325,\"publisher\":{\"@id\":\"https:\\\/\\\/3d-edu.ch\\\/fr\\\/#organization\"},\"image\":{\"@id\":\"https:\\\/\\\/3d-edu.ch\\\/fr\\\/journee-portes-ouvertes\\\/#primaryimage\"},\"thumbnailUrl\":\"https:\\\/\\\/3d-edu.ch\\\/wp-content\\\/uploads\\\/2022\\\/05\\\/IMG_6832-1.jpg\",\"inLanguage\":\"fr-FR\",\"copyrightYear\":\"2022\",\"copyrightHolder\":{\"@id\":\"https:\\\/\\\/3d-edu.ch\\\/#organization\"}},{\"@type\":\"WebPage\",\"@id\":\"https:\\\/\\\/3d-edu.ch\\\/fr\\\/journee-portes-ouvertes\\\/\",\"url\":\"https:\\\/\\\/3d-edu.ch\\\/fr\\\/journee-portes-ouvertes\\\/\",\"name\":\"Journ\u00e9e portes ouvertes - 3D-EDU\",\"isPartOf\":{\"@id\":\"https:\\\/\\\/3d-edu.ch\\\/fr\\\/#website\"},\"primaryImageOfPage\":{\"@id\":\"https:\\\/\\\/3d-edu.ch\\\/fr\\\/journee-portes-ouvertes\\\/#primaryimage\"},\"image\":{\"@id\":\"https:\\\/\\\/3d-edu.ch\\\/fr\\\/journee-portes-ouvertes\\\/#primaryimage\"},\"thumbnailUrl\":\"https:\\\/\\\/3d-edu.ch\\\/wp-content\\\/uploads\\\/2022\\\/05\\\/IMG_6832-1.jpg\",\"datePublished\":\"2022-05-30T07:26:06+00:00\",\"dateModified\":\"2026-03-09T13:02:01+00:00\",\"breadcrumb\":{\"@id\":\"https:\\\/\\\/3d-edu.ch\\\/fr\\\/journee-portes-ouvertes\\\/#breadcrumb\"},\"inLanguage\":\"fr-FR\",\"potentialAction\":[{\"@type\":\"ReadAction\",\"target\":[\"https:\\\/\\\/3d-edu.ch\\\/fr\\\/journee-portes-ouvertes\\\/\"]}]},{\"@type\":\"ImageObject\",\"inLanguage\":\"fr-FR\",\"@id\":\"https:\\\/\\\/3d-edu.ch\\\/fr\\\/journee-portes-ouvertes\\\/#primaryimage\",\"url\":\"https:\\\/\\\/3d-edu.ch\\\/wp-content\\\/uploads\\\/2022\\\/05\\\/IMG_6832-1.jpg\",\"contentUrl\":\"https:\\\/\\\/3d-edu.ch\\\/wp-content\\\/uploads\\\/2022\\\/05\\\/IMG_6832-1.jpg\",\"width\":720,\"height\":380},{\"@type\":\"BreadcrumbList\",\"@id\":\"https:\\\/\\\/3d-edu.ch\\\/fr\\\/journee-portes-ouvertes\\\/#breadcrumb\",\"itemListElement\":[{\"@type\":\"ListItem\",\"position\":1,\"name\":\"Accueil\",\"item\":\"https:\\\/\\\/3d-edu.ch\\\/fr\\\/\"},{\"@type\":\"ListItem\",\"position\":2,\"name\":\"Journ\u00e9e portes ouvertes\"}]},{\"@type\":\"WebSite\",\"@id\":\"https:\\\/\\\/3d-edu.ch\\\/fr\\\/#website\",\"url\":\"https:\\\/\\\/3d-edu.ch\\\/fr\\\/\",\"name\":\"3D-EDU GmbH\",\"description\":\"Your Formlabs, UltiMaker and Raise3D Printer Support and Education Site in Switzerland. \\\/\\\/ Ihre Formlabs, UltiMaker and Raise3D Drucker Support und Bildungs Webseite der Schweiz.\",\"publisher\":{\"@id\":\"https:\\\/\\\/3d-edu.ch\\\/fr\\\/#organization\"},\"potentialAction\":[{\"@type\":\"SearchAction\",\"target\":{\"@type\":\"EntryPoint\",\"urlTemplate\":\"https:\\\/\\\/3d-edu.ch\\\/fr\\\/?s={search_term_string}\"},\"query-input\":{\"@type\":\"PropertyValueSpecification\",\"valueRequired\":true,\"valueName\":\"search_term_string\"}}],\"inLanguage\":\"fr-FR\"},{\"@type\":[\"Organization\",\"Place\",\"ElectronicsStore\"],\"@id\":\"https:\\\/\\\/3d-edu.ch\\\/fr\\\/#organization\",\"name\":\"3D-EDU GmbH\",\"url\":\"https:\\\/\\\/3d-edu.ch\\\/fr\\\/\",\"logo\":{\"@id\":\"https:\\\/\\\/3d-edu.ch\\\/fr\\\/journee-portes-ouvertes\\\/#local-main-organization-logo\"},\"image\":{\"@id\":\"https:\\\/\\\/3d-edu.ch\\\/fr\\\/journee-portes-ouvertes\\\/#local-main-organization-logo\"},\"sameAs\":[\"https:\\\/\\\/www.facebook.com\\\/3d-educh-210277586064960\\\/\",\"https:\\\/\\\/x.com\\\/3d_edu_ch\"],\"address\":{\"@id\":\"https:\\\/\\\/3d-edu.ch\\\/fr\\\/journee-portes-ouvertes\\\/#local-main-place-address\"},\"geo\":{\"@type\":\"GeoCoordinates\",\"latitude\":\"47.38413\",\"longitude\":\"8.49812\"},\"telephone\":[\"+41 44 492 11 22\"],\"openingHoursSpecification\":[{\"@type\":\"OpeningHoursSpecification\",\"dayOfWeek\":[\"Monday\",\"Tuesday\",\"Wednesday\",\"Thursday\",\"Friday\"],\"opens\":\"08:30\",\"closes\":\"18:00\"},{\"@type\":\"OpeningHoursSpecification\",\"dayOfWeek\":[\"Saturday\",\"Sunday\"],\"opens\":\"00:00\",\"closes\":\"00:00\"}],\"email\":\"info@3d-edu.ch\",\"faxNumber\":\"+41 44 492 11 23\",\"vatID\":\"CHE-184.499.491 MWST\",\"priceRange\":\"$$$\",\"currenciesAccepted\":\"CHF\"},{\"@type\":\"Person\",\"@id\":\"https:\\\/\\\/3d-edu.ch\\\/fr\\\/#\\\/schema\\\/person\\\/202618fd97564d5cc16f60ea829f84fb\",\"name\":\"gygaxc\"},{\"@type\":\"PostalAddress\",\"@id\":\"https:\\\/\\\/3d-edu.ch\\\/fr\\\/journee-portes-ouvertes\\\/#local-main-place-address\",\"streetAddress\":\"3D-EDU GmbH, Badenerstrasse 556\",\"addressLocality\":\"Z\u00fcrich\",\"postalCode\":\"8048\",\"addressRegion\":\"Z\u00fcrich\",\"addressCountry\":\"CH\"},{\"@type\":\"ImageObject\",\"inLanguage\":\"fr-FR\",\"@id\":\"https:\\\/\\\/3d-edu.ch\\\/fr\\\/journee-portes-ouvertes\\\/#local-main-organization-logo\",\"url\":\"https:\\\/\\\/3d-edu.ch\\\/wp-content\\\/uploads\\\/2018\\\/10\\\/3d-drucker-makerbot-formlabs-professionelle-3d-drucker-e1546527990490.png\",\"contentUrl\":\"https:\\\/\\\/3d-edu.ch\\\/wp-content\\\/uploads\\\/2018\\\/10\\\/3d-drucker-makerbot-formlabs-professionelle-3d-drucker-e1546527990490.png\",\"width\":275,\"height\":80,\"caption\":\"3D-EDU GmbH\"}]}<\/script>\n<meta name=\"geo.placename\" content=\"Z\u00fcrich\" \/>\n<meta name=\"geo.position\" content=\"47.38413;8.49812\" \/>\n<meta name=\"geo.region\" content=\"Suisse\" \/>\n<!-- \/ Yoast SEO Premium plugin. -->","yoast_head_json":{"title":"Journ\u00e9e portes ouvertes - 3D-EDU","robots":{"index":"index","follow":"follow","max-snippet":"max-snippet:-1","max-image-preview":"max-image-preview:large","max-video-preview":"max-video-preview:-1"},"canonical":"https:\/\/3d-edu.ch\/fr\/journee-portes-ouvertes\/","og_locale":"fr_FR","og_type":"article","og_title":"Journ\u00e9e portes ouvertes","og_description":"Le vendredi 29 avril 2022 a eu lieu notre premi\u00e8re journ\u00e9e portes ouvertes. En plus d'un \u00e9change int\u00e9ressant avec nos clients et les repr\u00e9sentants de Formlabs, Nils Bosh\u00fcsen et Raphael Rieffel, nous avons pu pr\u00e9senter pour la premi\u00e8re fois notre nouveau showroom.","og_url":"https:\/\/3d-edu.ch\/fr\/journee-portes-ouvertes\/","og_site_name":"3D-EDU GmbH","article_publisher":"https:\/\/www.facebook.com\/3d-educh-210277586064960\/","article_published_time":"2022-05-30T07:26:06+00:00","article_modified_time":"2026-03-09T13:02:01+00:00","og_image":[{"width":720,"height":380,"url":"https:\/\/3d-edu.ch\/wp-content\/uploads\/2022\/05\/IMG_6832-1.jpg","type":"image\/jpeg"}],"author":"gygaxc","twitter_card":"summary_large_image","twitter_creator":"@3d_edu_ch","twitter_site":"@3d_edu_ch","twitter_misc":{"\u00c9crit par":"gygaxc","Dur\u00e9e de lecture estim\u00e9e":"2 minute"},"schema":{"@context":"https:\/\/schema.org","@graph":[{"@type":"Article","@id":"https:\/\/3d-edu.ch\/fr\/journee-portes-ouvertes\/#article","isPartOf":{"@id":"https:\/\/3d-edu.ch\/fr\/journee-portes-ouvertes\/"},"author":{"name":"gygaxc","@id":"https:\/\/3d-edu.ch\/fr\/#\/schema\/person\/202618fd97564d5cc16f60ea829f84fb"},"headline":"Journ\u00e9e portes ouvertes","datePublished":"2022-05-30T07:26:06+00:00","dateModified":"2026-03-09T13:02:01+00:00","mainEntityOfPage":{"@id":"https:\/\/3d-edu.ch\/fr\/journee-portes-ouvertes\/"},"wordCount":325,"publisher":{"@id":"https:\/\/3d-edu.ch\/fr\/#organization"},"image":{"@id":"https:\/\/3d-edu.ch\/fr\/journee-portes-ouvertes\/#primaryimage"},"thumbnailUrl":"https:\/\/3d-edu.ch\/wp-content\/uploads\/2022\/05\/IMG_6832-1.jpg","inLanguage":"fr-FR","copyrightYear":"2022","copyrightHolder":{"@id":"https:\/\/3d-edu.ch\/#organization"}},{"@type":"WebPage","@id":"https:\/\/3d-edu.ch\/fr\/journee-portes-ouvertes\/","url":"https:\/\/3d-edu.ch\/fr\/journee-portes-ouvertes\/","name":"Journ\u00e9e portes ouvertes - 3D-EDU","isPartOf":{"@id":"https:\/\/3d-edu.ch\/fr\/#website"},"primaryImageOfPage":{"@id":"https:\/\/3d-edu.ch\/fr\/journee-portes-ouvertes\/#primaryimage"},"image":{"@id":"https:\/\/3d-edu.ch\/fr\/journee-portes-ouvertes\/#primaryimage"},"thumbnailUrl":"https:\/\/3d-edu.ch\/wp-content\/uploads\/2022\/05\/IMG_6832-1.jpg","datePublished":"2022-05-30T07:26:06+00:00","dateModified":"2026-03-09T13:02:01+00:00","breadcrumb":{"@id":"https:\/\/3d-edu.ch\/fr\/journee-portes-ouvertes\/#breadcrumb"},"inLanguage":"fr-FR","potentialAction":[{"@type":"ReadAction","target":["https:\/\/3d-edu.ch\/fr\/journee-portes-ouvertes\/"]}]},{"@type":"ImageObject","inLanguage":"fr-FR","@id":"https:\/\/3d-edu.ch\/fr\/journee-portes-ouvertes\/#primaryimage","url":"https:\/\/3d-edu.ch\/wp-content\/uploads\/2022\/05\/IMG_6832-1.jpg","contentUrl":"https:\/\/3d-edu.ch\/wp-content\/uploads\/2022\/05\/IMG_6832-1.jpg","width":720,"height":380},{"@type":"BreadcrumbList","@id":"https:\/\/3d-edu.ch\/fr\/journee-portes-ouvertes\/#breadcrumb","itemListElement":[{"@type":"ListItem","position":1,"name":"Accueil","item":"https:\/\/3d-edu.ch\/fr\/"},{"@type":"ListItem","position":2,"name":"Journ\u00e9e portes ouvertes"}]},{"@type":"WebSite","@id":"https:\/\/3d-edu.ch\/fr\/#website","url":"https:\/\/3d-edu.ch\/fr\/","name":"3D-EDU GmbH","description":"Your Formlabs, UltiMaker and Raise3D Printer Support and Education Site in Switzerland. \/\/ Ihre Formlabs, UltiMaker and Raise3D Drucker Support und Bildungs Webseite der Schweiz.","publisher":{"@id":"https:\/\/3d-edu.ch\/fr\/#organization"},"potentialAction":[{"@type":"SearchAction","target":{"@type":"EntryPoint","urlTemplate":"https:\/\/3d-edu.ch\/fr\/?s={search_term_string}"},"query-input":{"@type":"PropertyValueSpecification","valueRequired":true,"valueName":"search_term_string"}}],"inLanguage":"fr-FR"},{"@type":["Organization","Place","ElectronicsStore"],"@id":"https:\/\/3d-edu.ch\/fr\/#organization","name":"3D-EDU GmbH","url":"https:\/\/3d-edu.ch\/fr\/","logo":{"@id":"https:\/\/3d-edu.ch\/fr\/journee-portes-ouvertes\/#local-main-organization-logo"},"image":{"@id":"https:\/\/3d-edu.ch\/fr\/journee-portes-ouvertes\/#local-main-organization-logo"},"sameAs":["https:\/\/www.facebook.com\/3d-educh-210277586064960\/","https:\/\/x.com\/3d_edu_ch"],"address":{"@id":"https:\/\/3d-edu.ch\/fr\/journee-portes-ouvertes\/#local-main-place-address"},"geo":{"@type":"GeoCoordinates","latitude":"47.38413","longitude":"8.49812"},"telephone":["+41 44 492 11 22"],"openingHoursSpecification":[{"@type":"OpeningHoursSpecification","dayOfWeek":["Monday","Tuesday","Wednesday","Thursday","Friday"],"opens":"08:30","closes":"18:00"},{"@type":"OpeningHoursSpecification","dayOfWeek":["Saturday","Sunday"],"opens":"00:00","closes":"00:00"}],"email":"info@3d-edu.ch","faxNumber":"+41 44 492 11 23","vatID":"CHE-184.499.491 MWST","priceRange":"$$$","currenciesAccepted":"CHF"},{"@type":"Person","@id":"https:\/\/3d-edu.ch\/fr\/#\/schema\/person\/202618fd97564d5cc16f60ea829f84fb","name":"gygaxc"},{"@type":"PostalAddress","@id":"https:\/\/3d-edu.ch\/fr\/journee-portes-ouvertes\/#local-main-place-address","streetAddress":"3D-EDU GmbH, Badenerstrasse 556","addressLocality":"Z\u00fcrich","postalCode":"8048","addressRegion":"Z\u00fcrich","addressCountry":"CH"},{"@type":"ImageObject","inLanguage":"fr-FR","@id":"https:\/\/3d-edu.ch\/fr\/journee-portes-ouvertes\/#local-main-organization-logo","url":"https:\/\/3d-edu.ch\/wp-content\/uploads\/2018\/10\/3d-drucker-makerbot-formlabs-professionelle-3d-drucker-e1546527990490.png","contentUrl":"https:\/\/3d-edu.ch\/wp-content\/uploads\/2018\/10\/3d-drucker-makerbot-formlabs-professionelle-3d-drucker-e1546527990490.png","width":275,"height":80,"caption":"3D-EDU GmbH"}]},"geo.placename":"Z\u00fcrich","geo.position":{"lat":"47.38413","long":"8.49812"},"geo.region":"Suisse"},"_links":{"self":[{"href":"https:\/\/3d-edu.ch\/fr\/wp-json\/wp\/v2\/posts\/75716","targetHints":{"allow":["GET"]}}],"collection":[{"href":"https:\/\/3d-edu.ch\/fr\/wp-json\/wp\/v2\/posts"}],"about":[{"href":"https:\/\/3d-edu.ch\/fr\/wp-json\/wp\/v2\/types\/post"}],"author":[{"embeddable":true,"href":"https:\/\/3d-edu.ch\/fr\/wp-json\/wp\/v2\/users\/1"}],"replies":[{"embeddable":true,"href":"https:\/\/3d-edu.ch\/fr\/wp-json\/wp\/v2\/comments?post=75716"}],"version-history":[{"count":4,"href":"https:\/\/3d-edu.ch\/fr\/wp-json\/wp\/v2\/posts\/75716\/revisions"}],"predecessor-version":[{"id":80922,"href":"https:\/\/3d-edu.ch\/fr\/wp-json\/wp\/v2\/posts\/75716\/revisions\/80922"}],"wp:featuredmedia":[{"embeddable":true,"href":"https:\/\/3d-edu.ch\/fr\/wp-json\/wp\/v2\/media\/65029"}],"wp:attachment":[{"href":"https:\/\/3d-edu.ch\/fr\/wp-json\/wp\/v2\/media?parent=75716"}],"wp:term":[{"taxonomy":"category","embeddable":true,"href":"https:\/\/3d-edu.ch\/fr\/wp-json\/wp\/v2\/categories?post=75716"},{"taxonomy":"post_tag","embeddable":true,"href":"https:\/\/3d-edu.ch\/fr\/wp-json\/wp\/v2\/tags?post=75716"}],"curies":[{"name":"wp","href":"https:\/\/api.w.org\/{rel}","templated":true}]}}