{"id":75260,"date":"2025-08-15T17:21:45","date_gmt":"2025-08-15T15:21:45","guid":{"rendered":"https:\/\/3d-edu.ch\/gratuit-pour-am-expo-9-et-10-septembre-2025-a-lucerne-reservez-des-maintenant-votre-billet-gratuit\/"},"modified":"2025-08-15T17:21:45","modified_gmt":"2025-08-15T15:21:45","slug":"gratuit-pour-am-expo-9-et-10-septembre-2025-a-lucerne-reservez-des-maintenant-votre-billet-gratuit","status":"publish","type":"post","link":"https:\/\/3d-edu.ch\/fr\/gratuit-pour-am-expo-9-et-10-septembre-2025-a-lucerne-reservez-des-maintenant-votre-billet-gratuit\/","title":{"rendered":"Gratuit pour AM Expo - 9 et 10 septembre 2025 \u00e0 Lucerne - R\u00e9servez d\u00e8s maintenant votre billet gratuit"},"content":{"rendered":"","protected":false},"excerpt":{"rendered":"<p>Les 9 et 10 septembre 2025, vous pourrez nous rencontrer chez 3D-EDU GmbH \u00e0 l&rsquo;AM Expo \u00e0 Lucerne. Plongez avec nous dans le monde fascinant de l&rsquo;impression 3D, lorsque nous vous pr\u00e9senterons les nouveaut\u00e9s et les tendances de l&rsquo;industrie, r\u00e9pondrons \u00e0 vos questions et vous conseillerons avec comp\u00e9tence. R\u00e9servez d\u00e8s aujourd&rsquo;hui votre billet gratuit et venez nous rendre visite dans le hall 1, au stand B 1046.    <\/p>\n","protected":false},"author":1,"featured_media":73647,"comment_status":"closed","ping_status":"closed","sticky":false,"template":"","format":"standard","meta":{"footnotes":""},"categories":[],"tags":[],"class_list":["post-75260","post","type-post","status-publish","format-standard","has-post-thumbnail","hentry"],"yoast_head":"<!-- This site is optimized with the Yoast SEO Premium plugin v27.4 (Yoast SEO v27.4) - https:\/\/yoast.com\/product\/yoast-seo-premium-wordpress\/ -->\n<title>Gratuit pour AM Expo - 9 et 10 septembre 2025 \u00e0 Lucerne - R\u00e9servez d\u00e8s maintenant votre billet gratuit - 3D-EDU<\/title>\n<meta name=\"robots\" content=\"index, follow, max-snippet:-1, max-image-preview:large, max-video-preview:-1\" \/>\n<link rel=\"canonical\" href=\"https:\/\/3d-edu.ch\/fr\/gratuit-pour-am-expo-9-et-10-septembre-2025-a-lucerne-reservez-des-maintenant-votre-billet-gratuit\/\" \/>\n<meta property=\"og:locale\" content=\"fr_FR\" \/>\n<meta property=\"og:type\" content=\"article\" \/>\n<meta property=\"og:title\" content=\"Gratuit pour AM Expo - 9 et 10 septembre 2025 \u00e0 Lucerne - R\u00e9servez d\u00e8s maintenant votre billet gratuit\" \/>\n<meta property=\"og:description\" content=\"Les 9 et 10 septembre 2025, vous pourrez nous rencontrer chez 3D-EDU GmbH \u00e0 l&#039;AM Expo \u00e0 Lucerne. Plongez avec nous dans le monde fascinant de l&#039;impression 3D, lorsque nous vous pr\u00e9senterons les nouveaut\u00e9s et les tendances de l&#039;industrie, r\u00e9pondrons \u00e0 vos questions et vous conseillerons avec comp\u00e9tence. R\u00e9servez d\u00e8s aujourd&#039;hui votre billet gratuit et venez nous rendre visite dans le hall 1, au stand B 1046.\" \/>\n<meta property=\"og:url\" content=\"https:\/\/3d-edu.ch\/fr\/gratuit-pour-am-expo-9-et-10-septembre-2025-a-lucerne-reservez-des-maintenant-votre-billet-gratuit\/\" \/>\n<meta property=\"og:site_name\" content=\"3D-EDU GmbH\" \/>\n<meta property=\"article:publisher\" content=\"https:\/\/www.facebook.com\/3d-educh-210277586064960\/\" \/>\n<meta property=\"article:published_time\" content=\"2025-08-15T15:21:45+00:00\" \/>\n<meta property=\"og:image\" content=\"https:\/\/3d-edu.ch\/wp-content\/uploads\/2025\/08\/AMX-AM-Expo-Gratis-Ticket.webp\" \/>\n\t<meta property=\"og:image:width\" content=\"632\" \/>\n\t<meta property=\"og:image:height\" content=\"375\" \/>\n\t<meta property=\"og:image:type\" content=\"image\/webp\" \/>\n<meta name=\"author\" content=\"gygaxc\" \/>\n<meta name=\"twitter:card\" content=\"summary_large_image\" \/>\n<meta name=\"twitter:creator\" content=\"@3d_edu_ch\" \/>\n<meta name=\"twitter:site\" content=\"@3d_edu_ch\" \/>\n<meta name=\"twitter:label1\" content=\"\u00c9crit par\" \/>\n\t<meta name=\"twitter:data1\" content=\"gygaxc\" \/>\n<script type=\"application\/ld+json\" class=\"yoast-schema-graph\">{\"@context\":\"https:\\\/\\\/schema.org\",\"@graph\":[{\"@type\":\"Article\",\"@id\":\"https:\\\/\\\/3d-edu.ch\\\/fr\\\/gratuit-pour-am-expo-9-et-10-septembre-2025-a-lucerne-reservez-des-maintenant-votre-billet-gratuit\\\/#article\",\"isPartOf\":{\"@id\":\"https:\\\/\\\/3d-edu.ch\\\/fr\\\/gratuit-pour-am-expo-9-et-10-septembre-2025-a-lucerne-reservez-des-maintenant-votre-billet-gratuit\\\/\"},\"author\":{\"name\":\"gygaxc\",\"@id\":\"https:\\\/\\\/3d-edu.ch\\\/fr\\\/#\\\/schema\\\/person\\\/202618fd97564d5cc16f60ea829f84fb\"},\"headline\":\"Gratuit pour AM Expo - 9 et 10 septembre 2025 \u00e0 Lucerne - R\u00e9servez d\u00e8s maintenant votre billet gratuit\",\"datePublished\":\"2025-08-15T15:21:45+00:00\",\"mainEntityOfPage\":{\"@id\":\"https:\\\/\\\/3d-edu.ch\\\/fr\\\/gratuit-pour-am-expo-9-et-10-septembre-2025-a-lucerne-reservez-des-maintenant-votre-billet-gratuit\\\/\"},\"wordCount\":17,\"publisher\":{\"@id\":\"https:\\\/\\\/3d-edu.ch\\\/fr\\\/#organization\"},\"image\":{\"@id\":\"https:\\\/\\\/3d-edu.ch\\\/fr\\\/gratuit-pour-am-expo-9-et-10-septembre-2025-a-lucerne-reservez-des-maintenant-votre-billet-gratuit\\\/#primaryimage\"},\"thumbnailUrl\":\"https:\\\/\\\/3d-edu.ch\\\/wp-content\\\/uploads\\\/2025\\\/08\\\/AMX-AM-Expo-Gratis-Ticket.webp\",\"inLanguage\":\"fr-FR\",\"copyrightYear\":\"2025\",\"copyrightHolder\":{\"@id\":\"https:\\\/\\\/3d-edu.ch\\\/#organization\"}},{\"@type\":\"WebPage\",\"@id\":\"https:\\\/\\\/3d-edu.ch\\\/fr\\\/gratuit-pour-am-expo-9-et-10-septembre-2025-a-lucerne-reservez-des-maintenant-votre-billet-gratuit\\\/\",\"url\":\"https:\\\/\\\/3d-edu.ch\\\/fr\\\/gratuit-pour-am-expo-9-et-10-septembre-2025-a-lucerne-reservez-des-maintenant-votre-billet-gratuit\\\/\",\"name\":\"Gratuit pour AM Expo - 9 et 10 septembre 2025 \u00e0 Lucerne - R\u00e9servez d\u00e8s maintenant votre billet gratuit - 3D-EDU\",\"isPartOf\":{\"@id\":\"https:\\\/\\\/3d-edu.ch\\\/fr\\\/#website\"},\"primaryImageOfPage\":{\"@id\":\"https:\\\/\\\/3d-edu.ch\\\/fr\\\/gratuit-pour-am-expo-9-et-10-septembre-2025-a-lucerne-reservez-des-maintenant-votre-billet-gratuit\\\/#primaryimage\"},\"image\":{\"@id\":\"https:\\\/\\\/3d-edu.ch\\\/fr\\\/gratuit-pour-am-expo-9-et-10-septembre-2025-a-lucerne-reservez-des-maintenant-votre-billet-gratuit\\\/#primaryimage\"},\"thumbnailUrl\":\"https:\\\/\\\/3d-edu.ch\\\/wp-content\\\/uploads\\\/2025\\\/08\\\/AMX-AM-Expo-Gratis-Ticket.webp\",\"datePublished\":\"2025-08-15T15:21:45+00:00\",\"breadcrumb\":{\"@id\":\"https:\\\/\\\/3d-edu.ch\\\/fr\\\/gratuit-pour-am-expo-9-et-10-septembre-2025-a-lucerne-reservez-des-maintenant-votre-billet-gratuit\\\/#breadcrumb\"},\"inLanguage\":\"fr-FR\",\"potentialAction\":[{\"@type\":\"ReadAction\",\"target\":[\"https:\\\/\\\/3d-edu.ch\\\/fr\\\/gratuit-pour-am-expo-9-et-10-septembre-2025-a-lucerne-reservez-des-maintenant-votre-billet-gratuit\\\/\"]}]},{\"@type\":\"ImageObject\",\"inLanguage\":\"fr-FR\",\"@id\":\"https:\\\/\\\/3d-edu.ch\\\/fr\\\/gratuit-pour-am-expo-9-et-10-septembre-2025-a-lucerne-reservez-des-maintenant-votre-billet-gratuit\\\/#primaryimage\",\"url\":\"https:\\\/\\\/3d-edu.ch\\\/wp-content\\\/uploads\\\/2025\\\/08\\\/AMX-AM-Expo-Gratis-Ticket.webp\",\"contentUrl\":\"https:\\\/\\\/3d-edu.ch\\\/wp-content\\\/uploads\\\/2025\\\/08\\\/AMX-AM-Expo-Gratis-Ticket.webp\",\"width\":632,\"height\":375,\"caption\":\"AMX - Billet gratuit AM-Expo\"},{\"@type\":\"BreadcrumbList\",\"@id\":\"https:\\\/\\\/3d-edu.ch\\\/fr\\\/gratuit-pour-am-expo-9-et-10-septembre-2025-a-lucerne-reservez-des-maintenant-votre-billet-gratuit\\\/#breadcrumb\",\"itemListElement\":[{\"@type\":\"ListItem\",\"position\":1,\"name\":\"Accueil\",\"item\":\"https:\\\/\\\/3d-edu.ch\\\/fr\\\/\"},{\"@type\":\"ListItem\",\"position\":2,\"name\":\"Gratuit pour AM Expo &#8211; 9 et 10 septembre 2025 \u00e0 Lucerne &#8211; R\u00e9servez d\u00e8s maintenant votre billet gratuit\"}]},{\"@type\":\"WebSite\",\"@id\":\"https:\\\/\\\/3d-edu.ch\\\/fr\\\/#website\",\"url\":\"https:\\\/\\\/3d-edu.ch\\\/fr\\\/\",\"name\":\"3D-EDU GmbH\",\"description\":\"Your Formlabs, UltiMaker and Raise3D Printer Support and Education Site in Switzerland. \\\/\\\/ Ihre Formlabs, UltiMaker and Raise3D Drucker Support und Bildungs Webseite der Schweiz.\",\"publisher\":{\"@id\":\"https:\\\/\\\/3d-edu.ch\\\/fr\\\/#organization\"},\"potentialAction\":[{\"@type\":\"SearchAction\",\"target\":{\"@type\":\"EntryPoint\",\"urlTemplate\":\"https:\\\/\\\/3d-edu.ch\\\/fr\\\/?s={search_term_string}\"},\"query-input\":{\"@type\":\"PropertyValueSpecification\",\"valueRequired\":true,\"valueName\":\"search_term_string\"}}],\"inLanguage\":\"fr-FR\"},{\"@type\":[\"Organization\",\"Place\",\"ElectronicsStore\"],\"@id\":\"https:\\\/\\\/3d-edu.ch\\\/fr\\\/#organization\",\"name\":\"3D-EDU GmbH\",\"url\":\"https:\\\/\\\/3d-edu.ch\\\/fr\\\/\",\"logo\":{\"@id\":\"https:\\\/\\\/3d-edu.ch\\\/fr\\\/gratuit-pour-am-expo-9-et-10-septembre-2025-a-lucerne-reservez-des-maintenant-votre-billet-gratuit\\\/#local-main-organization-logo\"},\"image\":{\"@id\":\"https:\\\/\\\/3d-edu.ch\\\/fr\\\/gratuit-pour-am-expo-9-et-10-septembre-2025-a-lucerne-reservez-des-maintenant-votre-billet-gratuit\\\/#local-main-organization-logo\"},\"sameAs\":[\"https:\\\/\\\/www.facebook.com\\\/3d-educh-210277586064960\\\/\",\"https:\\\/\\\/x.com\\\/3d_edu_ch\"],\"address\":{\"@id\":\"https:\\\/\\\/3d-edu.ch\\\/fr\\\/gratuit-pour-am-expo-9-et-10-septembre-2025-a-lucerne-reservez-des-maintenant-votre-billet-gratuit\\\/#local-main-place-address\"},\"geo\":{\"@type\":\"GeoCoordinates\",\"latitude\":\"47.38413\",\"longitude\":\"8.49812\"},\"telephone\":[\"+41 44 492 11 22\"],\"openingHoursSpecification\":[{\"@type\":\"OpeningHoursSpecification\",\"dayOfWeek\":[\"Monday\",\"Tuesday\",\"Wednesday\",\"Thursday\",\"Friday\"],\"opens\":\"08:30\",\"closes\":\"18:00\"},{\"@type\":\"OpeningHoursSpecification\",\"dayOfWeek\":[\"Saturday\",\"Sunday\"],\"opens\":\"00:00\",\"closes\":\"00:00\"}],\"email\":\"info@3d-edu.ch\",\"faxNumber\":\"+41 44 492 11 23\",\"vatID\":\"CHE-184.499.491 MWST\",\"priceRange\":\"$$$\",\"currenciesAccepted\":\"CHF\"},{\"@type\":\"Person\",\"@id\":\"https:\\\/\\\/3d-edu.ch\\\/fr\\\/#\\\/schema\\\/person\\\/202618fd97564d5cc16f60ea829f84fb\",\"name\":\"gygaxc\"},{\"@type\":\"PostalAddress\",\"@id\":\"https:\\\/\\\/3d-edu.ch\\\/fr\\\/gratuit-pour-am-expo-9-et-10-septembre-2025-a-lucerne-reservez-des-maintenant-votre-billet-gratuit\\\/#local-main-place-address\",\"streetAddress\":\"3D-EDU GmbH, Badenerstrasse 556\",\"addressLocality\":\"Z\u00fcrich\",\"postalCode\":\"8048\",\"addressRegion\":\"Z\u00fcrich\",\"addressCountry\":\"CH\"},{\"@type\":\"ImageObject\",\"inLanguage\":\"fr-FR\",\"@id\":\"https:\\\/\\\/3d-edu.ch\\\/fr\\\/gratuit-pour-am-expo-9-et-10-septembre-2025-a-lucerne-reservez-des-maintenant-votre-billet-gratuit\\\/#local-main-organization-logo\",\"url\":\"https:\\\/\\\/3d-edu.ch\\\/wp-content\\\/uploads\\\/2018\\\/10\\\/3d-drucker-makerbot-formlabs-professionelle-3d-drucker-e1546527990490.png\",\"contentUrl\":\"https:\\\/\\\/3d-edu.ch\\\/wp-content\\\/uploads\\\/2018\\\/10\\\/3d-drucker-makerbot-formlabs-professionelle-3d-drucker-e1546527990490.png\",\"width\":275,\"height\":80,\"caption\":\"3D-EDU GmbH\"}]}<\/script>\n<meta name=\"geo.placename\" content=\"Z\u00fcrich\" \/>\n<meta name=\"geo.position\" content=\"47.38413;8.49812\" \/>\n<meta name=\"geo.region\" content=\"Suisse\" \/>\n<!-- \/ Yoast SEO Premium plugin. -->","yoast_head_json":{"title":"Gratuit pour AM Expo - 9 et 10 septembre 2025 \u00e0 Lucerne - R\u00e9servez d\u00e8s maintenant votre billet gratuit - 3D-EDU","robots":{"index":"index","follow":"follow","max-snippet":"max-snippet:-1","max-image-preview":"max-image-preview:large","max-video-preview":"max-video-preview:-1"},"canonical":"https:\/\/3d-edu.ch\/fr\/gratuit-pour-am-expo-9-et-10-septembre-2025-a-lucerne-reservez-des-maintenant-votre-billet-gratuit\/","og_locale":"fr_FR","og_type":"article","og_title":"Gratuit pour AM Expo - 9 et 10 septembre 2025 \u00e0 Lucerne - R\u00e9servez d\u00e8s maintenant votre billet gratuit","og_description":"Les 9 et 10 septembre 2025, vous pourrez nous rencontrer chez 3D-EDU GmbH \u00e0 l'AM Expo \u00e0 Lucerne. Plongez avec nous dans le monde fascinant de l'impression 3D, lorsque nous vous pr\u00e9senterons les nouveaut\u00e9s et les tendances de l'industrie, r\u00e9pondrons \u00e0 vos questions et vous conseillerons avec comp\u00e9tence. R\u00e9servez d\u00e8s aujourd'hui votre billet gratuit et venez nous rendre visite dans le hall 1, au stand B 1046.","og_url":"https:\/\/3d-edu.ch\/fr\/gratuit-pour-am-expo-9-et-10-septembre-2025-a-lucerne-reservez-des-maintenant-votre-billet-gratuit\/","og_site_name":"3D-EDU GmbH","article_publisher":"https:\/\/www.facebook.com\/3d-educh-210277586064960\/","article_published_time":"2025-08-15T15:21:45+00:00","og_image":[{"width":632,"height":375,"url":"https:\/\/3d-edu.ch\/wp-content\/uploads\/2025\/08\/AMX-AM-Expo-Gratis-Ticket.webp","type":"image\/webp"}],"author":"gygaxc","twitter_card":"summary_large_image","twitter_creator":"@3d_edu_ch","twitter_site":"@3d_edu_ch","twitter_misc":{"\u00c9crit par":"gygaxc"},"schema":{"@context":"https:\/\/schema.org","@graph":[{"@type":"Article","@id":"https:\/\/3d-edu.ch\/fr\/gratuit-pour-am-expo-9-et-10-septembre-2025-a-lucerne-reservez-des-maintenant-votre-billet-gratuit\/#article","isPartOf":{"@id":"https:\/\/3d-edu.ch\/fr\/gratuit-pour-am-expo-9-et-10-septembre-2025-a-lucerne-reservez-des-maintenant-votre-billet-gratuit\/"},"author":{"name":"gygaxc","@id":"https:\/\/3d-edu.ch\/fr\/#\/schema\/person\/202618fd97564d5cc16f60ea829f84fb"},"headline":"Gratuit pour AM Expo - 9 et 10 septembre 2025 \u00e0 Lucerne - R\u00e9servez d\u00e8s maintenant votre billet gratuit","datePublished":"2025-08-15T15:21:45+00:00","mainEntityOfPage":{"@id":"https:\/\/3d-edu.ch\/fr\/gratuit-pour-am-expo-9-et-10-septembre-2025-a-lucerne-reservez-des-maintenant-votre-billet-gratuit\/"},"wordCount":17,"publisher":{"@id":"https:\/\/3d-edu.ch\/fr\/#organization"},"image":{"@id":"https:\/\/3d-edu.ch\/fr\/gratuit-pour-am-expo-9-et-10-septembre-2025-a-lucerne-reservez-des-maintenant-votre-billet-gratuit\/#primaryimage"},"thumbnailUrl":"https:\/\/3d-edu.ch\/wp-content\/uploads\/2025\/08\/AMX-AM-Expo-Gratis-Ticket.webp","inLanguage":"fr-FR","copyrightYear":"2025","copyrightHolder":{"@id":"https:\/\/3d-edu.ch\/#organization"}},{"@type":"WebPage","@id":"https:\/\/3d-edu.ch\/fr\/gratuit-pour-am-expo-9-et-10-septembre-2025-a-lucerne-reservez-des-maintenant-votre-billet-gratuit\/","url":"https:\/\/3d-edu.ch\/fr\/gratuit-pour-am-expo-9-et-10-septembre-2025-a-lucerne-reservez-des-maintenant-votre-billet-gratuit\/","name":"Gratuit pour AM Expo - 9 et 10 septembre 2025 \u00e0 Lucerne - R\u00e9servez d\u00e8s maintenant votre billet gratuit - 3D-EDU","isPartOf":{"@id":"https:\/\/3d-edu.ch\/fr\/#website"},"primaryImageOfPage":{"@id":"https:\/\/3d-edu.ch\/fr\/gratuit-pour-am-expo-9-et-10-septembre-2025-a-lucerne-reservez-des-maintenant-votre-billet-gratuit\/#primaryimage"},"image":{"@id":"https:\/\/3d-edu.ch\/fr\/gratuit-pour-am-expo-9-et-10-septembre-2025-a-lucerne-reservez-des-maintenant-votre-billet-gratuit\/#primaryimage"},"thumbnailUrl":"https:\/\/3d-edu.ch\/wp-content\/uploads\/2025\/08\/AMX-AM-Expo-Gratis-Ticket.webp","datePublished":"2025-08-15T15:21:45+00:00","breadcrumb":{"@id":"https:\/\/3d-edu.ch\/fr\/gratuit-pour-am-expo-9-et-10-septembre-2025-a-lucerne-reservez-des-maintenant-votre-billet-gratuit\/#breadcrumb"},"inLanguage":"fr-FR","potentialAction":[{"@type":"ReadAction","target":["https:\/\/3d-edu.ch\/fr\/gratuit-pour-am-expo-9-et-10-septembre-2025-a-lucerne-reservez-des-maintenant-votre-billet-gratuit\/"]}]},{"@type":"ImageObject","inLanguage":"fr-FR","@id":"https:\/\/3d-edu.ch\/fr\/gratuit-pour-am-expo-9-et-10-septembre-2025-a-lucerne-reservez-des-maintenant-votre-billet-gratuit\/#primaryimage","url":"https:\/\/3d-edu.ch\/wp-content\/uploads\/2025\/08\/AMX-AM-Expo-Gratis-Ticket.webp","contentUrl":"https:\/\/3d-edu.ch\/wp-content\/uploads\/2025\/08\/AMX-AM-Expo-Gratis-Ticket.webp","width":632,"height":375,"caption":"AMX - Billet gratuit AM-Expo"},{"@type":"BreadcrumbList","@id":"https:\/\/3d-edu.ch\/fr\/gratuit-pour-am-expo-9-et-10-septembre-2025-a-lucerne-reservez-des-maintenant-votre-billet-gratuit\/#breadcrumb","itemListElement":[{"@type":"ListItem","position":1,"name":"Accueil","item":"https:\/\/3d-edu.ch\/fr\/"},{"@type":"ListItem","position":2,"name":"Gratuit pour AM Expo &#8211; 9 et 10 septembre 2025 \u00e0 Lucerne &#8211; R\u00e9servez d\u00e8s maintenant votre billet gratuit"}]},{"@type":"WebSite","@id":"https:\/\/3d-edu.ch\/fr\/#website","url":"https:\/\/3d-edu.ch\/fr\/","name":"3D-EDU GmbH","description":"Your Formlabs, UltiMaker and Raise3D Printer Support and Education Site in Switzerland. \/\/ Ihre Formlabs, UltiMaker and Raise3D Drucker Support und Bildungs Webseite der Schweiz.","publisher":{"@id":"https:\/\/3d-edu.ch\/fr\/#organization"},"potentialAction":[{"@type":"SearchAction","target":{"@type":"EntryPoint","urlTemplate":"https:\/\/3d-edu.ch\/fr\/?s={search_term_string}"},"query-input":{"@type":"PropertyValueSpecification","valueRequired":true,"valueName":"search_term_string"}}],"inLanguage":"fr-FR"},{"@type":["Organization","Place","ElectronicsStore"],"@id":"https:\/\/3d-edu.ch\/fr\/#organization","name":"3D-EDU GmbH","url":"https:\/\/3d-edu.ch\/fr\/","logo":{"@id":"https:\/\/3d-edu.ch\/fr\/gratuit-pour-am-expo-9-et-10-septembre-2025-a-lucerne-reservez-des-maintenant-votre-billet-gratuit\/#local-main-organization-logo"},"image":{"@id":"https:\/\/3d-edu.ch\/fr\/gratuit-pour-am-expo-9-et-10-septembre-2025-a-lucerne-reservez-des-maintenant-votre-billet-gratuit\/#local-main-organization-logo"},"sameAs":["https:\/\/www.facebook.com\/3d-educh-210277586064960\/","https:\/\/x.com\/3d_edu_ch"],"address":{"@id":"https:\/\/3d-edu.ch\/fr\/gratuit-pour-am-expo-9-et-10-septembre-2025-a-lucerne-reservez-des-maintenant-votre-billet-gratuit\/#local-main-place-address"},"geo":{"@type":"GeoCoordinates","latitude":"47.38413","longitude":"8.49812"},"telephone":["+41 44 492 11 22"],"openingHoursSpecification":[{"@type":"OpeningHoursSpecification","dayOfWeek":["Monday","Tuesday","Wednesday","Thursday","Friday"],"opens":"08:30","closes":"18:00"},{"@type":"OpeningHoursSpecification","dayOfWeek":["Saturday","Sunday"],"opens":"00:00","closes":"00:00"}],"email":"info@3d-edu.ch","faxNumber":"+41 44 492 11 23","vatID":"CHE-184.499.491 MWST","priceRange":"$$$","currenciesAccepted":"CHF"},{"@type":"Person","@id":"https:\/\/3d-edu.ch\/fr\/#\/schema\/person\/202618fd97564d5cc16f60ea829f84fb","name":"gygaxc"},{"@type":"PostalAddress","@id":"https:\/\/3d-edu.ch\/fr\/gratuit-pour-am-expo-9-et-10-septembre-2025-a-lucerne-reservez-des-maintenant-votre-billet-gratuit\/#local-main-place-address","streetAddress":"3D-EDU GmbH, Badenerstrasse 556","addressLocality":"Z\u00fcrich","postalCode":"8048","addressRegion":"Z\u00fcrich","addressCountry":"CH"},{"@type":"ImageObject","inLanguage":"fr-FR","@id":"https:\/\/3d-edu.ch\/fr\/gratuit-pour-am-expo-9-et-10-septembre-2025-a-lucerne-reservez-des-maintenant-votre-billet-gratuit\/#local-main-organization-logo","url":"https:\/\/3d-edu.ch\/wp-content\/uploads\/2018\/10\/3d-drucker-makerbot-formlabs-professionelle-3d-drucker-e1546527990490.png","contentUrl":"https:\/\/3d-edu.ch\/wp-content\/uploads\/2018\/10\/3d-drucker-makerbot-formlabs-professionelle-3d-drucker-e1546527990490.png","width":275,"height":80,"caption":"3D-EDU GmbH"}]},"geo.placename":"Z\u00fcrich","geo.position":{"lat":"47.38413","long":"8.49812"},"geo.region":"Suisse"},"_links":{"self":[{"href":"https:\/\/3d-edu.ch\/fr\/wp-json\/wp\/v2\/posts\/75260","targetHints":{"allow":["GET"]}}],"collection":[{"href":"https:\/\/3d-edu.ch\/fr\/wp-json\/wp\/v2\/posts"}],"about":[{"href":"https:\/\/3d-edu.ch\/fr\/wp-json\/wp\/v2\/types\/post"}],"author":[{"embeddable":true,"href":"https:\/\/3d-edu.ch\/fr\/wp-json\/wp\/v2\/users\/1"}],"replies":[{"embeddable":true,"href":"https:\/\/3d-edu.ch\/fr\/wp-json\/wp\/v2\/comments?post=75260"}],"version-history":[{"count":0,"href":"https:\/\/3d-edu.ch\/fr\/wp-json\/wp\/v2\/posts\/75260\/revisions"}],"wp:featuredmedia":[{"embeddable":true,"href":"https:\/\/3d-edu.ch\/fr\/wp-json\/wp\/v2\/media\/73647"}],"wp:attachment":[{"href":"https:\/\/3d-edu.ch\/fr\/wp-json\/wp\/v2\/media?parent=75260"}],"wp:term":[{"taxonomy":"category","embeddable":true,"href":"https:\/\/3d-edu.ch\/fr\/wp-json\/wp\/v2\/categories?post=75260"},{"taxonomy":"post_tag","embeddable":true,"href":"https:\/\/3d-edu.ch\/fr\/wp-json\/wp\/v2\/tags?post=75260"}],"curies":[{"name":"wp","href":"https:\/\/api.w.org\/{rel}","templated":true}]}}